{"id":10902,"date":"2017-08-04T13:55:21","date_gmt":"2017-08-04T13:55:21","guid":{"rendered":"http:\/\/www.mfwa.org\/?p=10902"},"modified":"2017-08-10T11:45:19","modified_gmt":"2017-08-10T11:45:19","slug":"mauritanie-liberte-de-manifestation-assiegee","status":"publish","type":"post","link":"https:\/\/demo.mfwa.org\/fr\/mauritanie-liberte-de-manifestation-assiegee\/","title":{"rendered":"Mauritanie-Libert\u00e9 de Manifestation Assi\u00e9g\u00e9e"},"content":{"rendered":"<p>La Fondation des M\u00e9dias pour l\u2019Afrique de l\u2019Ouest(MFWA) a constat\u00e9 avec beaucoup d\u2019inqui\u00e9tude les r\u00e9centes r\u00e9pressions des dissidents par les autorit\u00e9s Mauritaniennes, en particulier contre ceux qui s\u2019opposent aux r\u00e9formes constitutionnelles qui font l\u2019objet d\u2019un referendum pr\u00e9vu pour le 5 Ao\u00fbt 2017.<\/p>\n<p>Durant le mois pass\u00e9, les forces de s\u00e9curit\u00e9 du pays n\u2019ont pas m\u00e9nag\u00e9 du tout les citoyens qui manifestaient pacifiquement contre le r\u00e9f\u00e9rendum ou essayaient de s\u2019exprimer sur les probl\u00e8mes nationaux ou autres.<\/p>\n<p><strong>Contexte des R\u00e9centes Tensions<\/strong><\/p>\n<p>Le 20 Avril 2017, le gouvernement mauritanien a annonc\u00e9 un r\u00e9f\u00e9rendum constitutionnel pour le 15 Juillet pass\u00e9, avant de le reporter au 5 Ao\u00fbt. L\u2019annonce fait suite au rejet par le S\u00e9nat des amendements propos\u00e9s dans la constitution en vigueur depuis 26 ans. Entre autres sujets de r\u00e9vision; la modification du drapeau et l\u2019hymne national aussi bien que la suppression de certaines institutions cl\u00e9s y compris le S\u00e9nat.<\/p>\n<p>A l\u2019approche de la date du referendum, l\u2019opposition a redoubl\u00e9 d\u2019ardeur dans sa campagne de \u2018\u2019Non\u2019\u2019 tandis que les autorit\u00e9s ont intensifi\u00e9 la r\u00e9pression avec des cons\u00e9quences alarmante pour la libert\u00e9 d\u2019expression et de manifestations dans le pays durant le mois de Juillet.<\/p>\n<p><strong>La R\u00e9pression de la Libert\u00e9 d\u2019Expression et de Manifestation<\/strong><\/p>\n<p>Dans un communiqu\u00e9 de presse publi\u00e9 le 17 Juillet 2017, l\u2019Observatoire Mauritanien de la Libert\u00e9 d\u2019Expression (OMLE) a dit qu\u2019il a enregistr\u00e9 trois incidents majeurs de violations de la libert\u00e9 d\u2019expression et de manifestations en l\u2019espace de deux semaines durant un moins.<\/p>\n<p>Le 02 juillet 2017 : les autorit\u00e9s locales n\u2019ont pas autoris\u00e9 la tenue d\u2019une conf\u00e9rence organis\u00e9e par<em>\u00a0<\/em><em>\u00ab <\/em><em>Initiative <\/em><em>Populaire De Solidarit\u00e9 Avec l\u2019Etat Du\u00a0Qatar\u00a0\u00bb <\/em><em>un groupe qui soutient l\u2019Etat dans le conflit r\u00e9cent qui l\u2019oppose \u00e0 ses voisins dirig\u00e9s par l\u2019Arabie Saoudite. <\/em><\/p>\n<p>\u00ab\u00a0Ceci est une transgression flagrante des principes du droit fondamental qui garantit aux citoyens le droit d\u2019exprimer leurs avis et opinions\u00a0\u00bb, a dit OMLE.<\/p>\n<p>Le 8 Juillet 2017, un leader de l\u2019organisation anti-esclavagiste; Initiative de la R\u00e9surgence du Mouvement Abolitionniste (IRA), Ali Sow, a \u00e9t\u00e9 arr\u00eat\u00e9 par les forces de s\u00e9curit\u00e9 au lendemain de sa participation \u00e0 une protestation anti-r\u00e9f\u00e9rendaire organis\u00e9e par le Front de l\u2019Opposition contre le r\u00e9f\u00e9rendum prochain. Sow a \u00e9t\u00e9 arr\u00eat\u00e9 et amen\u00e9 \u00e0 un endroit inconnu.<\/p>\n<p>La Coordination pour l\u2019Opposition D\u00e9mocratique; une coalition de partis d\u2019opposition aux r\u00e9formes ont organis\u00e9 des manifestations simultan\u00e9es le 26 Juillet 2017 dans trois districts de la capitale Nouakchott- Arafat, Sebkha et Dar-Naim avec un bilan sanglant. La police est intervenue avec des matraques et des gaz lacrymog\u00e8nes, blessant et arr\u00eatant plusieurs personnes. Le S\u00e9nateur et activiste militant anti-reforme Ould Ghadda, par exemple, a \u00e9t\u00e9 amen\u00e9 inconscient \u00e0 l\u2019h\u00f4pital.<\/p>\n<p>&nbsp;<\/p>\n<p>D\u00e9non\u00e7ant la r\u00e9pression, le Pr\u00e9sident du parti politique; Mouvement pour le Changement D\u00e9mocratique (MCD) ; Moussa Fall, qui a pris part \u00e0 la manifestation a dit : \u00ab M\u00eame les r\u00e9gimes militaires ne font plus recours \u00e0 ces pratiques. C\u2019est un b\u00e2illonnement des libert\u00e9s. On tend tr\u00e8s clairement vers le joug d\u2019un r\u00e9gime autocratique et dictatorial \u00bb a d\u00e9clar\u00e9 M. Fall.<\/p>\n<p>Le site d\u2019information en ligne; <strong>mauriweb.com<\/strong> a aussi reporte un quatri\u00e8me incident qui s\u2019est produit le 31 Juillet dans la capitale \u00e9conomique Nouadhibou o\u00f9 la police a battu, dispers\u00e9 et arr\u00eat\u00e9 des protestataires lorsque le Pr\u00e9sident Abdel Aziz arrivait sur les lieux pour faire campagne contre les amendements propos\u00e9s.<\/p>\n<p><strong>Appels<\/strong><\/p>\n<p>Un porte-parole du bureau du Haut-Commissariat des Nations Unies aux Droits de\u00a0l\u2019Homme (HCDH)\u00a0; Ravina Shamdasani, a dans un communiqu\u00e9 publi\u00e9 le 3 Ao\u00fbt, a <a href=\"http:\/\/www.ohchr.org\/FR\/NewsEvents\/Pages\/DisplayNews.aspx?NewsID=21933&amp;LangID=F\">exprim\u00e9 ses pr\u00e9occupations<\/a> \u00e0 propos de la r\u00e9pression.<\/p>\n<p>\u00ab\u00a0Les autorit\u00e9s n\u2019auraient pas r\u00e9pondu \u00e0 la majorit\u00e9 des demandes d\u2019autorisation pour les manifestations et auraient proc\u00e9d\u00e9 activement \u00e0 la dispersion des rassemblements. Dans plusieurs cas, des dirigeants d\u2019opposition auraient \u00e9t\u00e9 brutalis\u00e9s et un certain nombre d&#8217;entre eux ont \u00e9t\u00e9 arr\u00eat\u00e9\u00a0\u00bb, a dit Shamadasani<\/p>\n<p>Le HCDH exhorte le Gouvernement \u00e0 garantir \u00e0 ce que les droits aux rassemblements pacifiques, \u00e0 la libert\u00e9 d\u2019opinion et d\u2019expression soient pleinement respect\u00e9es et d\u2019ajouter que \u00ab\u00a0ces droits sont particuli\u00e8rement pr\u00e9cieux dans un contexte pr\u00e9-\u00e9lectoral\u00a0\u00bb.<\/p>\n<p>La MFWA joint sa voix aux appels \u00e0 la retenue aux deux parties, en particulier, au gouvernement. Nous lan\u00e7ons un appel aux autorit\u00e9s en Mauritanie \u00e0 investiguer sur les violences commises par les forces de s\u00e9curit\u00e9 sur les manifestants pacifiques en vue de corriger les erreurs et offrir des r\u00e9parations aux victimes des violations.<\/p>\n<p>&nbsp;<\/p>\n","protected":false},"excerpt":{"rendered":"<p>La Fondation des M\u00e9dias pour l\u2019Afrique de l\u2019Ouest(MFWA) a constat\u00e9 avec beaucoup d\u2019inqui\u00e9tude les r\u00e9centes r\u00e9pressions des dissidents<\/p>\n","protected":false},"author":1,"featured_media":10868,"comment_status":"closed","ping_status":"closed","sticky":false,"template":"","format":"standard","meta":{"footnotes":""},"categories":[1,170,254,195],"tags":[],"country":[248],"staff-position":[],"opportunity-category":[],"ppma_author":[516],"class_list":["post-10902","post","type-post","status-publish","format-standard","has-post-thumbnail","hentry","category-uncategorized","category-freedom-of-assembly","category-free-expression-violations-fr","category-non-classifiee","country-mauritanie"],"authors":[{"term_id":516,"user_id":1,"is_guest":0,"slug":"mesh","display_name":"mesh","avatar_url":"https:\/\/secure.gravatar.com\/avatar\/63efdf1bdd5192677168cb7e6124d514459f8c2e269a54eb912e96de64276547?s=96&d=mm&r=g","0":null,"1":"","2":"","3":"","4":"","5":"","6":"","7":"","8":""}],"_links":{"self":[{"href":"https:\/\/demo.mfwa.org\/fr\/wp-json\/wp\/v2\/posts\/10902","targetHints":{"allow":["GET"]}}],"collection":[{"href":"https:\/\/demo.mfwa.org\/fr\/wp-json\/wp\/v2\/posts"}],"about":[{"href":"https:\/\/demo.mfwa.org\/fr\/wp-json\/wp\/v2\/types\/post"}],"author":[{"embeddable":true,"href":"https:\/\/demo.mfwa.org\/fr\/wp-json\/wp\/v2\/users\/1"}],"replies":[{"embeddable":true,"href":"https:\/\/demo.mfwa.org\/fr\/wp-json\/wp\/v2\/comments?post=10902"}],"version-history":[{"count":0,"href":"https:\/\/demo.mfwa.org\/fr\/wp-json\/wp\/v2\/posts\/10902\/revisions"}],"wp:featuredmedia":[{"embeddable":true,"href":"https:\/\/demo.mfwa.org\/fr\/wp-json\/wp\/v2\/media\/10868"}],"wp:attachment":[{"href":"https:\/\/demo.mfwa.org\/fr\/wp-json\/wp\/v2\/media?parent=10902"}],"wp:term":[{"taxonomy":"category","embeddable":true,"href":"https:\/\/demo.mfwa.org\/fr\/wp-json\/wp\/v2\/categories?post=10902"},{"taxonomy":"post_tag","embeddable":true,"href":"https:\/\/demo.mfwa.org\/fr\/wp-json\/wp\/v2\/tags?post=10902"},{"taxonomy":"country","embeddable":true,"href":"https:\/\/demo.mfwa.org\/fr\/wp-json\/wp\/v2\/country?post=10902"},{"taxonomy":"staff-position","embeddable":true,"href":"https:\/\/demo.mfwa.org\/fr\/wp-json\/wp\/v2\/staff-position?post=10902"},{"taxonomy":"opportunity-category","embeddable":true,"href":"https:\/\/demo.mfwa.org\/fr\/wp-json\/wp\/v2\/opportunity-category?post=10902"},{"taxonomy":"author","embeddable":true,"href":"https:\/\/demo.mfwa.org\/fr\/wp-json\/wp\/v2\/ppma_author?post=10902"}],"curies":[{"name":"wp","href":"https:\/\/api.w.org\/{rel}","templated":true}]}}