{"id":13519,"date":"2018-08-16T10:03:38","date_gmt":"2018-08-16T10:03:38","guid":{"rendered":"http:\/\/www.mfwa.org\/?p=13519"},"modified":"2018-08-23T10:08:06","modified_gmt":"2018-08-23T10:08:06","slug":"journaliste-detenu-pendant-2-ans-finalement-libere-sous-caution","status":"publish","type":"post","link":"https:\/\/demo.mfwa.org\/fr\/journaliste-detenu-pendant-2-ans-finalement-libere-sous-caution\/","title":{"rendered":"Journaliste D\u00e9tenu pendant 2 Ans Finalement Lib\u00e9r\u00e9 sous Caution"},"content":{"rendered":"<p style=\"text-align: justify;\">Jones Abiri, le journaliste Nig\u00e9rian arbitrairement d\u00e9tenu pendant plus de deux ans sur les accusations de terrorisme a \u00e9t\u00e9 finalement lib\u00e9r\u00e9 sous caution.<\/p>\n<p style=\"text-align: justify;\">Abiri a regagn\u00e9 sa libert\u00e9 le 15 Ao\u00fbt 2018, apr\u00e8s avoir rempli les conditions de caution prescrites par le juge pr\u00e9sidant la Cour des\u00a0Magistrats de la Zone 2, Wuse.<\/p>\n<p style=\"text-align: justify;\">Le journaliste a \u00e9t\u00e9 pr\u00e9sent\u00e9 devant la cour le 2 Ao\u00fbt 2018\u00a0; suite \u00e0 une indignation publique et apr\u00e8s que l\u2019avocat des droits de l\u2019homme, Femi Falana ait port\u00e9 plainte contre sa d\u00e9tention de deux ans sans proc\u00e8s par le D\u00e9partement des Services d\u2019Etat(DSS).<\/p>\n<p style=\"text-align: justify;\">A sa premi\u00e8re comparution devant la cour, la DSS n\u2019a pas pu pr\u00e9senter un t\u00e9moin, for\u00e7ant le juge a ajourn\u00e9 le cas et \u00e0 maintenir le journaliste en d\u00e9tention pour n\u2019avoir pas pu remplir les conditions rigides de caution. Le d\u00e9veloppement a attir\u00e9 l\u2019attention des organisations de la libert\u00e9 de la presse y compris\u00a0 la\u00a0MFWA et son partenaire au Nigeria, International Press Centre (IPC) qui ont condamn\u00e9 la DSS pour avoir d\u00e9lib\u00e9r\u00e9ment emp\u00each\u00e9 les processus juridiques dans le but de prolonger la d\u00e9tention d\u2019Abiri.<\/p>\n<p style=\"text-align: justify;\">La Fondation des M\u00e9dias pour l\u2019Afrique de l\u2019Ouest salue le soulagement sous caution\u00a0 d\u2019Abiri, conduisant ainsi \u00e0 sa lib\u00e9ration de la prison. Nous saluons Femi Falana pour avoir pris \u00e0 bras le corps l\u2019affaire aussi bien que l\u2019avocat du journaliste Samuel Ogala, pour la lutte acharn\u00e9e pour la justice et la victoire pr\u00e9liminaire.<\/p>\n<p style=\"text-align: justify;\">Cependant le proc\u00e8s est report\u00e9 au 16 Ao\u00fbt 2018.<\/p>\n","protected":false},"excerpt":{"rendered":"<p>Jones Abiri, le journaliste Nig\u00e9rian arbitrairement d\u00e9tenu pendant plus de deux ans sur les accusations de terrorisme a<\/p>\n","protected":false},"author":6,"featured_media":13501,"comment_status":"closed","ping_status":"closed","sticky":false,"template":"","format":"standard","meta":{"footnotes":""},"categories":[311],"tags":[],"country":[250],"staff-position":[],"opportunity-category":[],"ppma_author":[515],"class_list":["post-13519","post","type-post","status-publish","format-standard","has-post-thumbnail","hentry","category-securite-des-journalistes","country-nigeria-fr"],"authors":[{"term_id":515,"user_id":6,"is_guest":0,"slug":"kwaku","display_name":"Kwaku Asante","avatar_url":"https:\/\/secure.gravatar.com\/avatar\/f4b2f4008b9a29d4584bcac804b285ce2bebcee8b616a60be83b4a9ded8963b7?s=96&d=mm&r=g","0":null,"1":"","2":"","3":"","4":"","5":"","6":"","7":"","8":""}],"_links":{"self":[{"href":"https:\/\/demo.mfwa.org\/fr\/wp-json\/wp\/v2\/posts\/13519","targetHints":{"allow":["GET"]}}],"collection":[{"href":"https:\/\/demo.mfwa.org\/fr\/wp-json\/wp\/v2\/posts"}],"about":[{"href":"https:\/\/demo.mfwa.org\/fr\/wp-json\/wp\/v2\/types\/post"}],"author":[{"embeddable":true,"href":"https:\/\/demo.mfwa.org\/fr\/wp-json\/wp\/v2\/users\/6"}],"replies":[{"embeddable":true,"href":"https:\/\/demo.mfwa.org\/fr\/wp-json\/wp\/v2\/comments?post=13519"}],"version-history":[{"count":0,"href":"https:\/\/demo.mfwa.org\/fr\/wp-json\/wp\/v2\/posts\/13519\/revisions"}],"wp:featuredmedia":[{"embeddable":true,"href":"https:\/\/demo.mfwa.org\/fr\/wp-json\/wp\/v2\/media\/13501"}],"wp:attachment":[{"href":"https:\/\/demo.mfwa.org\/fr\/wp-json\/wp\/v2\/media?parent=13519"}],"wp:term":[{"taxonomy":"category","embeddable":true,"href":"https:\/\/demo.mfwa.org\/fr\/wp-json\/wp\/v2\/categories?post=13519"},{"taxonomy":"post_tag","embeddable":true,"href":"https:\/\/demo.mfwa.org\/fr\/wp-json\/wp\/v2\/tags?post=13519"},{"taxonomy":"country","embeddable":true,"href":"https:\/\/demo.mfwa.org\/fr\/wp-json\/wp\/v2\/country?post=13519"},{"taxonomy":"staff-position","embeddable":true,"href":"https:\/\/demo.mfwa.org\/fr\/wp-json\/wp\/v2\/staff-position?post=13519"},{"taxonomy":"opportunity-category","embeddable":true,"href":"https:\/\/demo.mfwa.org\/fr\/wp-json\/wp\/v2\/opportunity-category?post=13519"},{"taxonomy":"author","embeddable":true,"href":"https:\/\/demo.mfwa.org\/fr\/wp-json\/wp\/v2\/ppma_author?post=13519"}],"curies":[{"name":"wp","href":"https:\/\/api.w.org\/{rel}","templated":true}]}}