{"id":15961,"date":"2019-08-09T11:37:34","date_gmt":"2019-08-09T11:37:34","guid":{"rendered":"http:\/\/www.mfwa.org\/?p=15961"},"modified":"2019-08-20T10:36:23","modified_gmt":"2019-08-20T10:36:23","slug":"juillet-2019-extremement-repressif-12-manifestants-un-journaliste-tues-et-de-nombreux-autres-detenus","status":"publish","type":"post","link":"https:\/\/demo.mfwa.org\/fr\/juillet-2019-extremement-repressif-12-manifestants-un-journaliste-tues-et-de-nombreux-autres-detenus\/","title":{"rendered":"Juillet 2019 Extr\u00eamement R\u00e9pressif &#8211; 12 Manifestants, un Journaliste Tu\u00e9s et de Nombreux Autres D\u00e9tenus"},"content":{"rendered":"<p style=\"text-align: justify;\">Ce fut un mois tumultueux pour la libert\u00e9 d&#8217;expression en Afrique de l&#8217;Ouest. En Juillet 2019, plusieurs violations ont \u00e9t\u00e9 constat\u00e9es, notamment 12 manifestants et un journaliste tu\u00e9s tandis que la Guin\u00e9e a adopt\u00e9 une loi autorisant les forces de s\u00e9curit\u00e9 \u00e0 tirer \u00e0 vue.<\/p>\n<p style=\"text-align: justify;\">Une intervention catastrophique des forces de s\u00e9curit\u00e9 a entra\u00een\u00e9 la <a href=\"http:\/\/www.mfwa.org\/fr\/country-highlights\/la-mfwa-profondement-attristee-par-la-mort-dun-journaliste-et-des-manifestants\/\">mort<\/a> de 12 manifestants et d&#8217;un journaliste \u00e0 Abuja le 22 Juillet. Les douze membres du Mouvement Islamique au Nig\u00e9ria (IMN) manifestaient pour exiger la lib\u00e9ration de leur leader religieux, Ibrahim el Zakzaky, plac\u00e9 en d\u00e9tention. Precious Owolabi, qui travaille pour Channels Television, en reportage \u00a0sur la manifestation et la r\u00e9pression, a re\u00e7u une balle et est en d\u00e9c\u00e9d\u00e9e \u00e0 l&#8217;h\u00f4pital.<\/p>\n<p style=\"text-align: justify;\">Tandis que le Nig\u00e9ria faisait le d\u00e9compte des personnes tu\u00e9es lors de\u00a0 la r\u00e9pression sanglantes, le Parlement de la Guin\u00e9e a approuv\u00e9 le 6 Juillet 2019 une loi autorisant les gendarmes \u00e0<a href=\"https:\/\/www.bbc.com\/afrique\/region-48904407\"> tirer \u00e0 vue<\/a> sans crainte de poursuites judiciaires lorsqu\u2019elles sont confront\u00e9es \u00e0 l\u2019imminence d\u2019une agression terroriste. Etant donn\u00e9 le bilan alarmant du pays en mati\u00e8re de r\u00e9pression meurtri\u00e8re contre les manifestants, cette loi a de graves r\u00e9percussions sur les droits \u00e0 la libert\u00e9 de r\u00e9union et de manifestation.<\/p>\n<p style=\"text-align: justify;\">Au Togo, le ministre de l&#8217;Administration territoriale, de la D\u00e9centralisation et des Collectivit\u00e9s locales, Payadowa Boukpessi, a <a href=\"https:\/\/www.icilome.com\/actualites\/868667\/sans-surprise-boukpessi-interdit-la-manifestation-du-mmlk\">carr\u00e9ment interdit<\/a> une manifestation organis\u00e9e par le Mouvement Martin Luther King (MMLK, la voix des sans-voix). Le MMLK avait pr\u00e9vu de tenir un sit-in devant les locaux du minist\u00e8re charg\u00e9 de la S\u00e9curit\u00e9 le 25 Juillet pour protester contre la mont\u00e9e de la criminalit\u00e9 dans la capitale.<\/p>\n<p style=\"text-align: justify;\"><strong>Agressions Physiques<\/strong><\/p>\n<p style=\"text-align: justify;\">Le 5 Juillet, quelques employ\u00e9s de l&#8217;Autorit\u00e9 Nationale d&#8217;Identification (NIA) du Ghana ont attaqu\u00e9 Edward Twum, un cameraman de la cha\u00eene Citi TV bas\u00e9e \u00e0 Accra. Twum filmait des candidats frustr\u00e9s alors que son coll\u00e8gue Elvis Washington les interviewait lorsque des responsables de la NIA les ont abord\u00e9s. Ils ont interpell\u00e9 Twum et ont tent\u00e9 de s&#8217;emparer de son appareil photo, le laissant avec des meurtrissures au poignet.<\/p>\n<p style=\"text-align: justify;\">En Gambie, un groupe de partisans de l&#8217;Alliance pour la R\u00e9orientation Patriotique et la Construction (APRC), le parti politique de l&#8217;ancien pr\u00e9sident Yahya Jammeh, ont agress\u00e9 deux journalistes qui couvraient les proc\u00e9dures judiciaires \u00e0 Banjul. Modou Saidy, journaliste travaillant pour le m\u00e9dia priv\u00e9 Fatu Network, et Romain Chanson, journaliste de Radio France Internationale (RFI), ont \u00e9t\u00e9 attaqu\u00e9s le 8 Juillet 2019 par les militants de l&#8217;APRC devant le tribunal de grande instance de Banjul.<\/p>\n<p style=\"text-align: justify;\">Le 30 Juillet, une vingtaine de journalistes couvrant le processus de contr\u00f4le des commissaires d\u00e9sign\u00e9s \u00e0 l&#8217;Assembl\u00e9e dans l&#8217;Etat d&#8217;Ebonyi ont \u00e9t\u00e9 battus par des voyous sur les ordres d&#8217;un membre de la Chambre, M. Nkemka Onuma. Certains journalistes ont \u00e9galement vu leur mat\u00e9riel d\u00e9truit dans les fracas.<\/p>\n<p style=\"text-align: justify;\"><strong>Arrestations\/D\u00e9tentions<\/strong><\/p>\n<p style=\"text-align: justify;\">Le 1<sup>er<\/sup> \u00a0Juillet, la police a arr\u00eat\u00e9 Valentin Kouassi, pr\u00e9sident de l&#8217;aile de la jeunesse du Parti d\u00e9mocratique de C\u00f4te d&#8217;Ivoire (PDCI). Kouassi a \u00e9t\u00e9 inculp\u00e9 pour trouble \u00e0 l&#8217;ordre public et plac\u00e9 en d\u00e9tention dans un lieu tenu secret apr\u00e8s avoir organis\u00e9 le 23 Juin une manifestation antigouvernementale dans la ville d&#8217;Adzop\u00e9 (sud du pays). Il a \u00e9t\u00e9 lib\u00e9r\u00e9 un jour plus tard, mais soumis \u00e0 des conditions r\u00e9pressives, plac\u00e9 sous contr\u00f4le judiciaire et interdit de participer \u00e0 des rassemblements et de prendre la parole lors de rassemblements publics, ainsi que de participer \u00e0 des discussions politiques et nationales sur les r\u00e9seaux sociaux.<\/p>\n<p style=\"text-align: justify;\">Ahmed Ould Wedia, journaliste de la cha\u00eene de t\u00e9l\u00e9vision priv\u00e9e Al-Mourabitoune, a \u00e9t\u00e9 arr\u00eat\u00e9 \u00e0 son domicile par les forces de s\u00e9curit\u00e9 le 3 Juillet, au moment de la r\u00e9pression des manifestations contre les r\u00e9sultats de l&#8217;\u00e9lection pr\u00e9sidentielle en Mauritanie. Il a \u00e9t\u00e9 lib\u00e9r\u00e9 sans inculpation le 15 Juillet.<\/p>\n<p style=\"text-align: justify;\">Un jour apr\u00e8s la lib\u00e9ration de Wedia en Mauritanie, des gendarmes au S\u00e9n\u00e9gal ont <a href=\"http:\/\/www.mfwa.org\/fr\/issues-in-focus\/arrestation-et-detention-du-militant-marius-sagna-une-gene-pour-le-senegal-mfwa\/\">arr\u00eat\u00e9<\/a> Guy Marius Sagna alors qu\u2019il \u00e9tait en r\u00e9union au bureau du FRAPP-France D\u00e9gage, une organisation de la soci\u00e9t\u00e9 civile dont il est un membre dirigeant. Lors de son arrestation le 16 Juillet, Sagna a \u00e9t\u00e9 interrog\u00e9 sur une publication sur Facebook au sujet de la n\u00e9gligence des h\u00f4pitaux dans le pays. La publication faisait r\u00e9f\u00e9rence \u00e0 la mort dans un h\u00f4pital de France du secr\u00e9taire du parti au pouvoir au S\u00e9n\u00e9gal et proche alli\u00e9 du Pr\u00e9sident Macky Sall.<\/p>\n<p style=\"text-align: justify;\">\u00abMourir dans un h\u00f4pital de l\u2019ancienne puissance coloniale alors qu\u2019ils ont eu le temps pendant 59 ans de doter ce pays de structures hospitali\u00e8res dignes de ce nom !!! Quelle tristesse ! Quel g\u00e2chis !\u00bb a \u00e9crit Sagna.<\/p>\n<p style=\"text-align: justify;\">Dans un incident similaire, Adama Gaye, un journaliste ind\u00e9pendant connu pour ses articles critiques dans les journaux et les r\u00e9seaux sociaux, <a href=\"http:\/\/www.mfwa.org\/fr\/country-highlights\/un-journaliste-place-en-detention-provisoire-sur-facebook\/\">a \u00e9t\u00e9 plac\u00e9 en d\u00e9tention provisoire<\/a> le 29 Juillet en d\u00e9tention provisoire pour \u00abinsulte au pr\u00e9sident de la R\u00e9publique\u00bb.<\/p>\n<p style=\"text-align: justify;\">Gaye a \u00e9t\u00e9 arr\u00eat\u00e9 pour un message sur Facebook dans lequel il pr\u00e9tendait que le Pr\u00e9sident Macky Sall avait eu une liaison extraconjugale lors d&#8217;un voyage officiel \u00e0 l&#8217;\u00e9tranger.<\/p>\n<p style=\"text-align: justify;\">Le 30 Juillet, la police nig\u00e9rienne a <a href=\"https:\/\/www.premiumtimesng.com\/news\/top-news\/343863-just-in-police-detain-nigerian-journalist-over-report-on-politician.html\">d\u00e9tenu<\/a> Oke Epia, r\u00e9dacteur en chef de <a href=\"https:\/\/www.orderpaper.ng\/\">Order Paper<\/a>, apr\u00e8s que les journalistes r\u00e9pondirent \u00e0 une convocation au sujet de \u00abplaintes criminelles\u00bb d\u00e9pos\u00e9es par un ancien d\u00e9put\u00e9 du Parlement, Tony Nwulu. L&#8217;ancien l\u00e9gislateur s&#8217;est plaint qu&#8217;Epia ait fait de fausses d\u00e9clarations \u00e0 son sujet dans son profilage des candidats au poste de gouverneur. Le journaliste a \u00e9t\u00e9 lib\u00e9r\u00e9 sous caution le m\u00eame jour apr\u00e8s plusieurs heures.<\/p>\n<p style=\"text-align: justify;\"><strong>Poursuites en Diffamation<\/strong><\/p>\n<p style=\"text-align: justify;\">Le mois a \u00e9galement enregistr\u00e9 de nombreuses poursuites en diffamation contre des journalistes. En Guin\u00e9e, le journaliste Habib Marouane Kamara a \u00e9t\u00e9 tra\u00een\u00e9 en justice le 10 Juillet pour diffamation apr\u00e8s avoir publi\u00e9 des all\u00e9gations de corruption sur Facebook contre le Directeur National des imp\u00f4ts, Aboubacar Makhissa Camara. Marouane Kamara qui est journaliste \u00e0 la Radio Nostalgie, a vu son proc\u00e8s renvoy\u00e9 \u00e0 une date ult\u00e9rieure.<\/p>\n<p style=\"text-align: justify;\">Le m\u00eame 10 Juillet, Othello B. Garblah, journaliste au journal New Dawn, avait \u00e9t\u00e9 convoqu\u00e9 par un juge d&#8217;un tribunal p\u00e9nal de Monrovia (Lib\u00e9ria) pour r\u00e9pondre \u00e0 des accusations d&#8217;outrage au tribunal. Les accusations portaient sur un article critique r\u00e9dig\u00e9 sur les juges par le journaliste et publi\u00e9 avec la photo du juge Peter W. Gbeneweleh.<\/p>\n<p style=\"text-align: justify;\"><strong>D\u00e9veloppements heureux<\/strong><\/p>\n<p style=\"text-align: justify;\">En ce qui constitue un aboutissement heureux, le blogueur mauritanien Mohamed Cheikh Ould Mkheitir a \u00e9t\u00e9 lib\u00e9r\u00e9 le 29 Juillet apr\u00e8s cinq ans de d\u00e9tention pour blasph\u00e8me. Mkheitir, condamn\u00e9 \u00e0 mort en 2014, est rest\u00e9 en d\u00e9tention m\u00eame apr\u00e8s qu&#8217;une cour d&#8217;appel lui ait accord\u00e9 un sursis en commuant sa peine \u00e0 deux ans de prison le 9 Novembre 2017.<\/p>\n<p style=\"text-align: justify;\">Autre fait nouveau important, susceptible de mettre un terme \u00e0 l&#8217;assassinat non \u00e9lucid\u00e9 de Dayda Hydara, un soldat gambien qui faisait partie de la brigade de tueurs \u00e0 gages de l&#8217;ancien pr\u00e9sident Yahya Jammeh, a le 22 Juillet 2019, <a href=\"http:\/\/www.mfwa.org\/issues-in-focus\/confessions-of-jammehs-henchman-must-lead-to-full-reparation-for-hydaras-murder-mfwa\/\">avou\u00e9<\/a> avoir \u00e9t\u00e9 impliqu\u00e9 dans le meurtre de l&#8217;ancien r\u00e9dacteur en chef du journal The Point. Le lieutenant Malick Jatta a d\u00e9clar\u00e9 \u00e0 la Commission\u00a0 V\u00e9rit\u00e9, R\u00e9conciliation et R\u00e9parations (TRRC) de Gambie que le meurtre d&#8217;Hydara, le 16 D\u00e9cembre 2004, avait \u00e9t\u00e9 commis sur ordre de l&#8217;ex-Pr\u00e9sident exil\u00e9.<\/p>\n<p style=\"text-align: justify;\">Au Mali, l&#8217;UNESCO et le Minist\u00e8re de la communication ont <a href=\"https:\/\/agenceecofin.com\/medias\/3007-68250-mali-l-unesco-veut-renforcer-la-participation-des-medias-au-developpement\">lanc\u00e9 un projet<\/a> intitul\u00e9 &#8221; Renforcer la contribution des m\u00e9dias pour un futur de d\u00e9veloppement durable &#8220;. Le projet vise \u00e0 aborder des questions telles que la s\u00e9curit\u00e9 des journalistes, l&#8217;acc\u00e8s du public \u00e0 l&#8217;information et l&#8217;acc\u00e8s des m\u00e9dias aux sources officielles. Le repr\u00e9sentant du chef de Bureau de l&#8217;UNESCO, Saip Sy, a expliqu\u00e9 que le projet vise \u00e0 faire la\u00a0 \u00abpromotion de la libert\u00e9 d&#8217;expression, afin de permettre une pluralit\u00e9 des voix, assurer une gouvernance transparente ainsi que lutter contre l&#8217;oppression, mettre fin aux conflits et att\u00e9nuer la pauvret\u00e9\u00bb.<\/p>\n<p style=\"text-align: justify;\">Le 22 Juillet, le Pr\u00e9sident Patrice Talon a affirm\u00e9 son soutien \u00e0 la libert\u00e9 d&#8217;expression et a <a href=\"https:\/\/www.agenceecofin.com\/regulation\/2407-68111-benin-le-president-de-la-republique-appelle-le-regulateur-des-medias-a-proteger-la-liberte-de-la-\">exhort\u00e9<\/a> la Haute autorit\u00e9 de l&#8217;Audiovisuel et de la Communication (HAAC), autorit\u00e9 de r\u00e9gulation des m\u00e9dias au B\u00e9nin, \u00e0 prot\u00e9ger la libert\u00e9 de la presse. Ces propos ont \u00e9t\u00e9 tenus par le Pr\u00e9sident \u00e0 l&#8217;occasion de l&#8217;investiture de la 6<sup>\u00e8<\/sup><sup>me<\/sup>\u00a0 mandature de la HAAC sont tr\u00e8s significatifs et encourageants car le B\u00e9nin a r\u00e9cemment connu une <a href=\"http:\/\/www.mfwa.org\/fr\/country-highlights\/recit-de-violations-le-benin-au-bord-de-linfamie-de-la-liberte-dexpression\/\">vague de violations de la libert\u00e9 d&#8217;expression<\/a> qui vont \u00e0 l&#8217;encontre de la r\u00e9putation du pays en mati\u00e8re de respect de la libert\u00e9 d&#8217;expression.<\/p>\n<p style=\"text-align: justify;\">En Sierra Leone, quatre journalistes ont retrouv\u00e9 leur libert\u00e9 le 2 Juillet 2019, apr\u00e8s avoir pass\u00e9 quatre nuits en <a href=\"http:\/\/www.mfwa.org\/country-highlights\/criminal-libel-law-to-be-scrapped-sierra-leone-president-assures\/\">d\u00e9tention<\/a> dans un proc\u00e8s en diffamation intent\u00e9 contre eux par un avocat. A l\u2019issue de la comparution le 28 Juin, les quatre journalistes n&#8217;avaient pas pu remplir les conditions strictes de caution\u00a0 impos\u00e9es par un tribunal de premi\u00e8re instance de Freetown pour leur mise en libert\u00e9 conditionnelle.<\/p>\n","protected":false},"excerpt":{"rendered":"<p>Ce fut un mois tumultueux pour la libert\u00e9 d&#8217;expression en Afrique de l&#8217;Ouest. En Juillet 2019, plusieurs violations<\/p>\n","protected":false},"author":6,"featured_media":15962,"comment_status":"closed","ping_status":"closed","sticky":false,"template":"","format":"standard","meta":{"footnotes":""},"categories":[170,320,254,311],"tags":[],"country":[330],"staff-position":[],"opportunity-category":[],"ppma_author":[515],"class_list":["post-15961","post","type-post","status-publish","format-standard","has-post-thumbnail","hentry","category-freedom-of-assembly","category-la-liberte-dexpression","category-free-expression-violations-fr","category-securite-des-journalistes","country-afrique-de-louest"],"authors":[{"term_id":515,"user_id":6,"is_guest":0,"slug":"kwaku","display_name":"Kwaku Asante","avatar_url":"https:\/\/secure.gravatar.com\/avatar\/f4b2f4008b9a29d4584bcac804b285ce2bebcee8b616a60be83b4a9ded8963b7?s=96&d=mm&r=g","0":null,"1":"","2":"","3":"","4":"","5":"","6":"","7":"","8":""}],"_links":{"self":[{"href":"https:\/\/demo.mfwa.org\/fr\/wp-json\/wp\/v2\/posts\/15961","targetHints":{"allow":["GET"]}}],"collection":[{"href":"https:\/\/demo.mfwa.org\/fr\/wp-json\/wp\/v2\/posts"}],"about":[{"href":"https:\/\/demo.mfwa.org\/fr\/wp-json\/wp\/v2\/types\/post"}],"author":[{"embeddable":true,"href":"https:\/\/demo.mfwa.org\/fr\/wp-json\/wp\/v2\/users\/6"}],"replies":[{"embeddable":true,"href":"https:\/\/demo.mfwa.org\/fr\/wp-json\/wp\/v2\/comments?post=15961"}],"version-history":[{"count":0,"href":"https:\/\/demo.mfwa.org\/fr\/wp-json\/wp\/v2\/posts\/15961\/revisions"}],"wp:featuredmedia":[{"embeddable":true,"href":"https:\/\/demo.mfwa.org\/fr\/wp-json\/wp\/v2\/media\/15962"}],"wp:attachment":[{"href":"https:\/\/demo.mfwa.org\/fr\/wp-json\/wp\/v2\/media?parent=15961"}],"wp:term":[{"taxonomy":"category","embeddable":true,"href":"https:\/\/demo.mfwa.org\/fr\/wp-json\/wp\/v2\/categories?post=15961"},{"taxonomy":"post_tag","embeddable":true,"href":"https:\/\/demo.mfwa.org\/fr\/wp-json\/wp\/v2\/tags?post=15961"},{"taxonomy":"country","embeddable":true,"href":"https:\/\/demo.mfwa.org\/fr\/wp-json\/wp\/v2\/country?post=15961"},{"taxonomy":"staff-position","embeddable":true,"href":"https:\/\/demo.mfwa.org\/fr\/wp-json\/wp\/v2\/staff-position?post=15961"},{"taxonomy":"opportunity-category","embeddable":true,"href":"https:\/\/demo.mfwa.org\/fr\/wp-json\/wp\/v2\/opportunity-category?post=15961"},{"taxonomy":"author","embeddable":true,"href":"https:\/\/demo.mfwa.org\/fr\/wp-json\/wp\/v2\/ppma_author?post=15961"}],"curies":[{"name":"wp","href":"https:\/\/api.w.org\/{rel}","templated":true}]}}