{"id":19271,"date":"2020-08-06T10:53:01","date_gmt":"2020-08-06T10:53:01","guid":{"rendered":"https:\/\/www.mfwa.org\/?p=19271"},"modified":"2020-08-10T15:37:16","modified_gmt":"2020-08-10T15:37:16","slug":"un-media-vandalise-par-des-fanatiques-religieux-pour-son-reportage-sur-le-coronavirus","status":"publish","type":"post","link":"https:\/\/demo.mfwa.org\/fr\/un-media-vandalise-par-des-fanatiques-religieux-pour-son-reportage-sur-le-coronavirus\/","title":{"rendered":"Un M\u00e9dia Vandalis\u00e9 par des Fanatiques Religieux pour Son Reportage sur le Coronavirus"},"content":{"rendered":"<p style=\"text-align: justify;\">Un groupe de fanatiques religieux a vandalis\u00e9 les bureaux du quotidien s\u00e9n\u00e9galais <em>Les Echos<\/em> \u00e0 Dakar, causant d&#8217;importants d\u00e9g\u00e2ts mat\u00e9riels.<\/p>\n<p style=\"text-align: justify;\">L&#8217;attaque qui s&#8217;est produite dans l&#8217;apr\u00e8s-midi du 3 ao\u00fbt 2020, fait suite \u00e0 la publication par le journal qu&#8217;un leader religieux influent, Serigne Moustapha Sy, avait \u00e9t\u00e9 test\u00e9 positif au COVID-19 et \u00e9tait en cours d&#8217;admission \u00e0 l&#8217;h\u00f4pital principal de Dakar.<\/p>\n<p style=\"text-align: justify;\">Les voyous qui se sont identifi\u00e9s comme des adeptes de Moustapha Sy et des membres de la secte Moustarchidines qu&#8217;il dirige, ont bris\u00e9 des vitres et d\u00e9truit du mat\u00e9riel, notamment des ordinateurs.<\/p>\n<p style=\"text-align: justify;\">&#8220;Six ordinateurs ont \u00e9t\u00e9 cass\u00e9s, ainsi que la t\u00e9l\u00e9vision \u00e0 \u00e9cran plat de mon bureau, mon mat\u00e9riel et celui du r\u00e9dacteur en chef. A leur arriv\u00e9e, ils se sont pr\u00e9sent\u00e9s comme des disciples de Serigne Moustapha Sy, un leader religieux&#8221;, a d\u00e9clar\u00e9 le r\u00e9dacteur en chef du journal, Mbaye Thiandoum, aux m\u00e9dias locaux.<\/p>\n<p style=\"text-align: justify;\">L&#8217;attaque, selon Sidy Djimby Ndao, journaliste senior et r\u00e9dacteur en chef de la version en ligne du journal, a gravement affect\u00e9 leur capacit\u00e9 \u00e0 op\u00e9rer.<\/p>\n<p style=\"text-align: justify;\">&#8220;Le journal continue \u00e0 \u00eatre publi\u00e9, mais avec d&#8217;extr\u00eames difficult\u00e9s. Les journalistes \u00e9crivent avec leurs smartphones. La direction a d\u00e9cid\u00e9 de continuer \u00e0 publier parce qu&#8217;il n&#8217;est pas question de c\u00e9der aux agresseurs&#8221;, a d\u00e9clar\u00e9 M. Ndao \u00e0 la MFWA.<\/p>\n<p style=\"text-align: justify;\">L&#8217;acte a \u00e9t\u00e9 fermement condamn\u00e9 par presque toutes les organisations de m\u00e9dias, les principaux journalistes et plusieurs personnes influentes au S\u00e9n\u00e9gal. Le ministre de la Culture et de la Communication, Abdoulaye Diop, a publi\u00e9 un communiqu\u00e9 pour exprimer son indignation.<\/p>\n<p style=\"text-align: justify;\">&#8220;Tout en exprimant ma totale solidarit\u00e9 avec le directeur de la publication et les travailleurs, je condamne fermement ces violations qui n&#8217;honorent pas leurs auteurs et qui ne peuvent en aucun cas \u00eatre tol\u00e9r\u00e9es. L&#8217;Etat de droit pr\u00e9vaut au S\u00e9n\u00e9gal o\u00f9 la libert\u00e9 de la presse est un droit fondamental inscrit dans la Constitution&#8221;, a d\u00e9clar\u00e9 le ministre, assurant que l&#8217;affaire sera suivie jusqu&#8217;\u00e0 sa conclusion logique.<\/p>\n<p style=\"text-align: justify;\">L&#8217;Association des \u00e9diteurs et professionnels de la presse en ligne (APPEL) a \u00e9galement appel\u00e9 la confr\u00e9rie des m\u00e9dias du S\u00e9n\u00e9gal &#8220;\u00e0 se lever pour d\u00e9noncer cette barbarie, et demande notamment que les auteurs soient traqu\u00e9s et s\u00e9v\u00e8rement punis&#8221;.<\/p>\n<p style=\"text-align: justify;\">Entre-temps, la gendarmerie a annonc\u00e9 l&#8217;arrestation de six personnes qui, selon elle, sont interrog\u00e9es en rapport avec l&#8217;attentat.<\/p>\n<p style=\"text-align: justify;\">Cet acte d&#8217;agression survient deux mois apr\u00e8s qu&#8217;un groupe de personnes protestant contre les mesures restrictives de COVID-19, ait attaqu\u00e9 le si\u00e8ge de la radio RFM bas\u00e9e \u00e0 Mback\u00e9, \u00e0 198 km de Dakar. L&#8217;attaque, qui a eu lieu le 2 juin 2020, a entra\u00een\u00e9 des dommages \u00e0 plusieurs \u00e9quipements de la station de radio qui appartient au c\u00e9l\u00e8bre chanteur et ancien ministre, Youssou N&#8217;Dour.<\/p>\n<p style=\"text-align: justify;\">Il s&#8217;agit \u00e9galement du troisi\u00e8me incident li\u00e9 au COVID-19. Le 25 mars 2020, un policier a agress\u00e9 Awa Ndiaye et Ousseynou Mbodj de Touba TV alors qu&#8217;il \u00e9tait autoris\u00e9 \u00e0 faire un reportage sur le respect d&#8217;un couvre-feu pour contenir la propagation du virus.<\/p>\n<p style=\"text-align: justify;\">Le S\u00e9n\u00e9gal est largement respect\u00e9 en tant que pays \u00e0 forte tradition d\u00e9mocratique et avec le respect de la libert\u00e9 de la presse. Ces r\u00e9centes attaques contre les m\u00e9dias par des \u00e9l\u00e9ments extr\u00e9mistes sont donc assez inqui\u00e9tantes. En cons\u00e9quence, la MFWA condamne l&#8217;attaque sur <em>Les Echos<\/em> et demande instamment aux autorit\u00e9s de veiller \u00e0 ce que les auteurs de cette attaque soient soumis \u00e0 toutes les rigueurs de la loi, y compris le paiement du mat\u00e9riel et de tous les autres articles qu&#8217;ils ont d\u00e9truits dans les locaux du journal. Nous demandons en outre \u00e0 tous les acteurs des m\u00e9dias au S\u00e9n\u00e9gal de traiter ces violations comme une nouvelle menace pour la libert\u00e9 de la presse et de prendre des mesures pour la freiner.<\/p>\n<p style=\"text-align: justify;\">\n","protected":false},"excerpt":{"rendered":"<p>Un groupe de fanatiques religieux a vandalis\u00e9 les bureaux du quotidien s\u00e9n\u00e9galais Les Echos \u00e0 Dakar, causant d&#8217;importants<\/p>\n","protected":false},"author":6,"featured_media":19232,"comment_status":"closed","ping_status":"closed","sticky":false,"template":"","format":"standard","meta":{"footnotes":""},"categories":[311],"tags":[],"country":[251],"staff-position":[],"opportunity-category":[],"ppma_author":[515],"class_list":["post-19271","post","type-post","status-publish","format-standard","has-post-thumbnail","hentry","category-securite-des-journalistes","country-senegal-fr"],"authors":[{"term_id":515,"user_id":6,"is_guest":0,"slug":"kwaku","display_name":"Kwaku Asante","avatar_url":"https:\/\/secure.gravatar.com\/avatar\/f4b2f4008b9a29d4584bcac804b285ce2bebcee8b616a60be83b4a9ded8963b7?s=96&d=mm&r=g","0":null,"1":"","2":"","3":"","4":"","5":"","6":"","7":"","8":""}],"_links":{"self":[{"href":"https:\/\/demo.mfwa.org\/fr\/wp-json\/wp\/v2\/posts\/19271","targetHints":{"allow":["GET"]}}],"collection":[{"href":"https:\/\/demo.mfwa.org\/fr\/wp-json\/wp\/v2\/posts"}],"about":[{"href":"https:\/\/demo.mfwa.org\/fr\/wp-json\/wp\/v2\/types\/post"}],"author":[{"embeddable":true,"href":"https:\/\/demo.mfwa.org\/fr\/wp-json\/wp\/v2\/users\/6"}],"replies":[{"embeddable":true,"href":"https:\/\/demo.mfwa.org\/fr\/wp-json\/wp\/v2\/comments?post=19271"}],"version-history":[{"count":0,"href":"https:\/\/demo.mfwa.org\/fr\/wp-json\/wp\/v2\/posts\/19271\/revisions"}],"wp:featuredmedia":[{"embeddable":true,"href":"https:\/\/demo.mfwa.org\/fr\/wp-json\/wp\/v2\/media\/19232"}],"wp:attachment":[{"href":"https:\/\/demo.mfwa.org\/fr\/wp-json\/wp\/v2\/media?parent=19271"}],"wp:term":[{"taxonomy":"category","embeddable":true,"href":"https:\/\/demo.mfwa.org\/fr\/wp-json\/wp\/v2\/categories?post=19271"},{"taxonomy":"post_tag","embeddable":true,"href":"https:\/\/demo.mfwa.org\/fr\/wp-json\/wp\/v2\/tags?post=19271"},{"taxonomy":"country","embeddable":true,"href":"https:\/\/demo.mfwa.org\/fr\/wp-json\/wp\/v2\/country?post=19271"},{"taxonomy":"staff-position","embeddable":true,"href":"https:\/\/demo.mfwa.org\/fr\/wp-json\/wp\/v2\/staff-position?post=19271"},{"taxonomy":"opportunity-category","embeddable":true,"href":"https:\/\/demo.mfwa.org\/fr\/wp-json\/wp\/v2\/opportunity-category?post=19271"},{"taxonomy":"author","embeddable":true,"href":"https:\/\/demo.mfwa.org\/fr\/wp-json\/wp\/v2\/ppma_author?post=19271"}],"curies":[{"name":"wp","href":"https:\/\/api.w.org\/{rel}","templated":true}]}}