{"id":19474,"date":"2020-08-27T10:21:43","date_gmt":"2020-08-27T10:21:43","guid":{"rendered":"https:\/\/www.mfwa.org\/?p=19474"},"modified":"2020-08-31T10:40:50","modified_gmt":"2020-08-31T10:40:50","slug":"le-president-guineen-prend-le-controle-de-lorgane-de-regulation-des-medias-avec-lentree-en-vigueur-de-la-nouvelle-loi","status":"publish","type":"post","link":"https:\/\/demo.mfwa.org\/fr\/le-president-guineen-prend-le-controle-de-lorgane-de-regulation-des-medias-avec-lentree-en-vigueur-de-la-nouvelle-loi\/","title":{"rendered":"Le Pr\u00e9sident Guin\u00e9en Prend le Contr\u00f4le de l\u2019Organe de R\u00e9gulation des M\u00e9dias avec l\u2019Entr\u00e9e en Vigueur de La Nouvelle Loi"},"content":{"rendered":"<p style=\"text-align: justify;\">Le Pr\u00e9sident Alpha Cond\u00e9 a nomm\u00e9 par d\u00e9cret Boubabacar Yacine Diallo \u00e0 la t\u00eate de la Haute autorit\u00e9 de la communication (HAC), une nomination qui a \u00e9t\u00e9 d\u00e9crite comme une tentative de contr\u00f4le des m\u00e9dias en Guin\u00e9e.<\/p>\n<p style=\"text-align: justify;\">La nomination de Diallo fait suite \u00e0 une loi adopt\u00e9e par le nouveau Parlement guin\u00e9en le 3 juillet 2020, qui donne au Pr\u00e9sident Cond\u00e9 le pouvoir de choisir le chef de l&#8217;organe de r\u00e9gulation des m\u00e9dias. Auparavant, le chef de l&#8217;organe de r\u00e9gulation \u00e9tait nomm\u00e9 par ses pairs.<\/p>\n<p style=\"text-align: justify;\">La nouvelle loi 003 \/ CNT \/2020 qui remplace la loi \/2010\/03\/CNT de juin 2010 r\u00e9gissant la composition et les fonctions de la Haute autorit\u00e9 de la communication (HAC), a \u00e9galement augment\u00e9 le nombre de personnes nomm\u00e9es par le chef de l&#8217;Etat au sein du conseil d&#8217;administration d\u2019un \u00e0 trois.\u00a0 Etant donn\u00e9 que le pr\u00e9sident de la HAC d\u00e9signe \u00e0 son tour les responsables des cinq commissions sp\u00e9cialis\u00e9es de l&#8217;autorit\u00e9, on craint que ce dispositif ne donne \u00e0 l&#8217;ex\u00e9cutif un contr\u00f4le trop important sur les m\u00e9dias par le pouvoir ex\u00e9cutif.<\/p>\n<p style=\"text-align: justify;\">Sidy Diallo, un dirigeant du syndicat des professionnels de la presse priv\u00e9e, le Syndicat des Professionnels de la Presse Priv\u00e9e de Guin\u00e9e (SPPG), a exprim\u00e9 ces craintes dans une interview avec les m\u00e9dias locaux.<\/p>\n<p style=\"text-align: justify;\">&#8220;Nous sommes inquiets parce que, en bref, vu l&#8217;interpr\u00e9tation de cette loi, nous nous rendons compte que l&#8217;Etat veut contr\u00f4ler la HAC, l&#8217;Etat veut contr\u00f4ler les m\u00e9dias dans ce pays&#8221;, a-t-il d\u00e9plor\u00e9.<\/p>\n<p style=\"text-align: justify;\">La nomination de Diallo, ancien pr\u00e9sident de l&#8217;organe de r\u00e9gulation appel\u00e9 \u00e0 l\u2019\u00e9poque Conseil national de communication, a \u00e9t\u00e9 annonc\u00e9e le 25 ao\u00fbt 2020. Ancien directeur g\u00e9n\u00e9ral de la radiodiffusion nationale et ex-ministre de l&#8217;Information, le nouveau patron de la HAC est \u00e9galement propri\u00e9taire de Radio Horizon FM situ\u00e9e \u00e0 Conakry et Kankan.<\/p>\n<p style=\"text-align: justify;\">Aboubacar Algassimou Diallo, journaliste \u00e0 Lynx FM, a r\u00e9agi \u00e0 cette nomination avec un optimisme prudent lors d&#8217;une interview avec la MFWA.<\/p>\n<p style=\"text-align: justify;\">\u00a0&#8220;Il ne pouvait y avoir de candidat plus qualifi\u00e9. Yacine Diallo est un vrai professionnel. J&#8217;esp\u00e8re seulement qu&#8217;il sera le point de rep\u00e8re de la nouvelle HAC dont la composition a suscit\u00e9 beaucoup d&#8217;inqui\u00e9tudes. Je maintiens que la modification de la loi permettant au pr\u00e9sident de nommer le pr\u00e9sident de la HAC et d&#8217;avoir deux candidats suppl\u00e9mentaires au sein du conseil d&#8217;administration est un revers majeur. Elle renforce le sentiment que le pouvoir ex\u00e9cutif veut contr\u00f4ler les m\u00e9dias par l&#8217;interm\u00e9diaire de la HAC et r\u00e9duit encore la confiance dans l&#8217;ind\u00e9pendance du r\u00e9gulateur. R\u00e9tablir cette confiance dans le HAC fait partie du d\u00e9fi que Diallo devra relever, et j&#8217;esp\u00e8re qu&#8217;il y parviendra&#8221;, a d\u00e9clar\u00e9 M. Diallo.<\/p>\n<p style=\"text-align: justify;\">M\u00eame sous la pr\u00e9c\u00e9dente d\u00e9rogation, lorsque les pr\u00e9sidents de la HAC \u00e9taient \u00e9lus par leurs coll\u00e8gues commissaires, l&#8217;organe de r\u00e9gulation \u00e9tait souvent critiqu\u00e9 pour ne pas \u00eatre suffisamment proactif et solide dans la d\u00e9fense des m\u00e9dias contre les violations commises par les acteurs \u00e9tatiques.<\/p>\n<p style=\"text-align: justify;\">Le 3 novembre 2017, six associations professionnelles des m\u00e9dias ont pris \u00e0 partie la HAC pour ce qu\u2019elles d\u00e9crivent comme le m\u00e9pris total du r\u00e9gulateur pour les m\u00e9dias et l&#8217;indiff\u00e9rence \u00e0 leur \u00e9gard. Dans une d\u00e9claration sign\u00e9e par leurs dirigeants respectifs, les six associations, URTELGUI, AGEPI, AGUIPEL, APAC, UPLG et REMIGUI ont annonc\u00e9 qu&#8217;elles avaient pr\u00e9vu une &#8220;marche de la col\u00e8re contre les abus et l&#8217;oppression que les m\u00e9dias priv\u00e9s nationaux ont subis aux mains de la Haute Autorit\u00e9 de Communication&#8221;. Elles ont <a href=\"https:\/\/www.guinee-eco.info\/3191-2\/\">d\u00e9clar\u00e9<\/a> qu&#8217;elles ne reconnaissaient pas l&#8217;organe de r\u00e9gulation tel qu&#8217;il \u00e9tait alors constitu\u00e9 et ont annonc\u00e9 qu&#8217;ils rappelaient leurs repr\u00e9sentants de l&#8217;institution afin de les remplacer par des agents plus professionnels.<\/p>\n<p style=\"text-align: justify;\">Le 26 ao\u00fbt 2019, des professionnels des m\u00e9dias priv\u00e9s <a href=\"https:\/\/www.mfwa.org\/fr\/assez-de-harcelement-judiciaire-des-journalistes-proteste-les-medias-de-la-guinee\/\">ont pris d&#8217;assaut les bureaux<\/a> de l&#8217;organe de r\u00e9gulation des m\u00e9dias, la Haute Autorit\u00e9 de la Communication (HAC), dans un sit-in de protestation suite \u00e0 une s\u00e9rie d&#8217;arrestations, de d\u00e9tentions et d&#8217;interrogatoires intimidants de journalistes par des agents de s\u00e9curit\u00e9.<\/p>\n<p style=\"text-align: justify;\">La HAC a \u00e9galement \u00e9t\u00e9 accus\u00e9e dans le pass\u00e9 de collusion avec le gouvernement pour censurer les correspondants \u00e9trangers critiques. Le 17 octobre 2019, la police de Conakry a <a href=\"https:\/\/www.mfwa.org\/mfwa-calls-on-guinea-authorities-to-restore-accreditation-of-al-jazeera-reporters\/\">d\u00e9tenu<\/a> pendant plusieurs heures le reporter d&#8217;Al Jazeera bas\u00e9 \u00e0 Dakar, Nicolas Haque, et son cameraman Hugo Bogaeert. La police a pr\u00e9tendu que les journalistes &#8220;espionnaient et portaient atteinte \u00e0 la s\u00e9curit\u00e9 de l&#8217;\u00c9tat&#8221;. La HAC a suivi en annon\u00e7ant qu&#8217;il avait retir\u00e9 aux journalistes leur accr\u00e9ditation pour la production de &#8220;reportages ethnocentriques&#8221;.<\/p>\n<p style=\"text-align: justify;\">Le 6 mars 2020, le gouvernement a expuls\u00e9 un journaliste fran\u00e7ais, Thomas Pierre Dietrich. Le lendemain, le minist\u00e8re de la s\u00e9curit\u00e9 et de la protection civile a expliqu\u00e9 qu&#8217;il avait annul\u00e9 le visa du journaliste pour &#8220;s&#8217;\u00eatre livr\u00e9 \u00e0 des activit\u00e9s politiques internes susceptibles de porter atteinte \u00e0 l&#8217;ordre public&#8221;. Une fois de plus, le r\u00e9gulateur a apport\u00e9 son soutien au gouvernement en confirmant qu&#8217;il avait retir\u00e9 l&#8217;accr\u00e9ditation du journaliste pour avoir d\u00e9pass\u00e9 les limites de son permis.<\/p>\n<p style=\"text-align: justify;\">Dans l&#8217;un de ses derniers actes avant de quitter ses fonctions, la HAC dirig\u00e9 par Martine Conde a convoqu\u00e9 en juin 2020 les responsables de trois stations de radio, Nostalgie FM, Espace et Lynx FM, et leur a demand\u00e9 de cesser de diffuser un spot publicitaire sponsoris\u00e9 par une importante coalition anti-gouvernementale. Le spot du Front pour la d\u00e9fense de la Constitution (FNDC) appelle la population \u00e0 poursuivre la r\u00e9sistance. Il indique qu'&#8221;une affaire a \u00e9t\u00e9 port\u00e9e devant la Cour p\u00e9nale internationale contre ce r\u00e9gime dictatorial pour avoir commis un crime contre l&#8217;humanit\u00e9&#8221;. L&#8217;organe de r\u00e9gulation a d\u00e9clar\u00e9 aux m\u00e9dias que le message \u00e9tait subversif et diffamatoire. Certains m\u00e9dias ont d\u00e9clar\u00e9 que la HAC avait mis en garde les stations de radio apr\u00e8s avoir \u00e9t\u00e9 lui-m\u00eame convoqu\u00e9 par le pr\u00e9sident du Parlement, Amadou Damaro Camara.<\/p>\n<p style=\"text-align: justify;\">L&#8217;ordre a \u00e9t\u00e9 d\u00e9crit comme un acte de censure contre les organisations de m\u00e9dias concern\u00e9es et une violation des lois du pays.<\/p>\n<p style=\"text-align: justify;\">&#8220;L&#8217;article 125 de la Constitution guin\u00e9enne d&#8217;avril 2020 prescrit le principe de la s\u00e9paration des pouvoirs. L&#8217;ordre du pr\u00e9sident du parlement demandant \u00e0 la HAC d&#8217;emp\u00eacher les radios de diffuser le spot publicitaire des FNDC viole donc la constitution&#8221;, a protest\u00e9 Moussa Iboun Conte, pr\u00e9sident de l\u2019Association guin\u00e9enne des \u00e9diteurs de la presse ind\u00e9pendante (AGEPI), dans un entretien avec la MFWA.<\/p>\n<p style=\"text-align: justify;\">La Guin\u00e9e se dirige vers des \u00e9lections pr\u00e9sidentielles dans moins de deux mois. Les m\u00e9dias devraient jouer un r\u00f4le cl\u00e9 dans le processus, en informant, en \u00e9duquant et en fournissant une plateforme aux citoyens pour acc\u00e9der et \u00e9valuer les propositions de d\u00e9veloppement et de solutions concurrentes des diff\u00e9rents partis et candidats. Pour remplir ce r\u00f4le de mani\u00e8re optimale et assurer une couverture m\u00e9diatique efficace et sans incident des prochaines \u00e9lections, le secteur des m\u00e9dias doit \u00eatre dynamique et se renforcer mutuellement.<\/p>\n<p style=\"text-align: justify;\">La Fondation des M\u00e9dias pour l&#8217;Afrique de l&#8217;Ouest (MFWA) demande donc aux nouveaux commissaires de la HAC d&#8217;entamer un dialogue avec les m\u00e9dias et de faire preuve d&#8217;un r\u00e9el engagement pour promouvoir la libert\u00e9 de la presse et la s\u00e9curit\u00e9 des journalistes en Guin\u00e9e. Au demeurant, la HAC doit \u00e9laborer des strat\u00e9gies pour aider les m\u00e9dias \u00e0 assurer une couverture m\u00e9diatique efficace et sans incidents des prochaines \u00e9lections.<\/p>\n<p style=\"text-align: justify;\">\n","protected":false},"excerpt":{"rendered":"<p>Le Pr\u00e9sident Alpha Cond\u00e9 a nomm\u00e9 par d\u00e9cret Boubabacar Yacine Diallo \u00e0 la t\u00eate de la Haute autorit\u00e9<\/p>\n","protected":false},"author":6,"featured_media":19439,"comment_status":"closed","ping_status":"closed","sticky":false,"template":"","format":"standard","meta":{"footnotes":""},"categories":[227],"tags":[],"country":[244],"staff-position":[],"opportunity-category":[],"ppma_author":[515],"class_list":["post-19474","post","type-post","status-publish","format-standard","has-post-thumbnail","hentry","category-free-expression-and-the-law-fr","country-guinee"],"authors":[{"term_id":515,"user_id":6,"is_guest":0,"slug":"kwaku","display_name":"Kwaku Asante","avatar_url":"https:\/\/secure.gravatar.com\/avatar\/f4b2f4008b9a29d4584bcac804b285ce2bebcee8b616a60be83b4a9ded8963b7?s=96&d=mm&r=g","0":null,"1":"","2":"","3":"","4":"","5":"","6":"","7":"","8":""}],"_links":{"self":[{"href":"https:\/\/demo.mfwa.org\/fr\/wp-json\/wp\/v2\/posts\/19474","targetHints":{"allow":["GET"]}}],"collection":[{"href":"https:\/\/demo.mfwa.org\/fr\/wp-json\/wp\/v2\/posts"}],"about":[{"href":"https:\/\/demo.mfwa.org\/fr\/wp-json\/wp\/v2\/types\/post"}],"author":[{"embeddable":true,"href":"https:\/\/demo.mfwa.org\/fr\/wp-json\/wp\/v2\/users\/6"}],"replies":[{"embeddable":true,"href":"https:\/\/demo.mfwa.org\/fr\/wp-json\/wp\/v2\/comments?post=19474"}],"version-history":[{"count":0,"href":"https:\/\/demo.mfwa.org\/fr\/wp-json\/wp\/v2\/posts\/19474\/revisions"}],"wp:featuredmedia":[{"embeddable":true,"href":"https:\/\/demo.mfwa.org\/fr\/wp-json\/wp\/v2\/media\/19439"}],"wp:attachment":[{"href":"https:\/\/demo.mfwa.org\/fr\/wp-json\/wp\/v2\/media?parent=19474"}],"wp:term":[{"taxonomy":"category","embeddable":true,"href":"https:\/\/demo.mfwa.org\/fr\/wp-json\/wp\/v2\/categories?post=19474"},{"taxonomy":"post_tag","embeddable":true,"href":"https:\/\/demo.mfwa.org\/fr\/wp-json\/wp\/v2\/tags?post=19474"},{"taxonomy":"country","embeddable":true,"href":"https:\/\/demo.mfwa.org\/fr\/wp-json\/wp\/v2\/country?post=19474"},{"taxonomy":"staff-position","embeddable":true,"href":"https:\/\/demo.mfwa.org\/fr\/wp-json\/wp\/v2\/staff-position?post=19474"},{"taxonomy":"opportunity-category","embeddable":true,"href":"https:\/\/demo.mfwa.org\/fr\/wp-json\/wp\/v2\/opportunity-category?post=19474"},{"taxonomy":"author","embeddable":true,"href":"https:\/\/demo.mfwa.org\/fr\/wp-json\/wp\/v2\/ppma_author?post=19474"}],"curies":[{"name":"wp","href":"https:\/\/api.w.org\/{rel}","templated":true}]}}