{"id":19918,"date":"2020-10-02T15:55:47","date_gmt":"2020-10-02T15:55:47","guid":{"rendered":"https:\/\/www.mfwa.org\/?p=19918"},"modified":"2020-10-08T12:41:34","modified_gmt":"2020-10-08T12:41:34","slug":"guinee-62eme-fete-dindependence-sous-fond-de-tension-politique-repression-des-libertes","status":"publish","type":"post","link":"https:\/\/demo.mfwa.org\/fr\/guinee-62eme-fete-dindependence-sous-fond-de-tension-politique-repression-des-libertes\/","title":{"rendered":"Guin\u00e9e ; 62\u00e8me F\u00eate d\u2019Independence sur Fond de Tension Politique, R\u00e9pression des Libert\u00e9s"},"content":{"rendered":"<p style=\"text-align: justify;\">La R\u00e9publique de Guin\u00e9e a souffl\u00e9 ce vendredi l\u2019an 62 de son accession \u00e0 l\u2019Ind\u00e9pendance. De 1958 \u00e0 1984,\u00a0Feu S\u00e9kou Tour\u00e9, le Premier pr\u00e9sident de la Guin\u00e9e libre a g\u00e9r\u00e9 le pays jusqu\u2019au 26 mars 1984. Jour auquel, il est mort \u00e0 Cleveland aux Etats Unis d\u2019Am\u00e9rique, suite \u00e0 une rupture de l\u2019art\u00e8re aorte. Le 3 avril 1984, une junte militaire dirig\u00e9e par le Colonel Lansana Cont\u00e9 acc\u00e8de au Pouvoir.\u00a0 Les putschistes lib\u00e9ralisent l\u2019\u00e9conomie, engagent des r\u00e9formes dans le secteur des libert\u00e9s publiques. Ils optent pour un lib\u00e9ralisme transversal qui ouvre la voie au multipartisme int\u00e9gral et \u00e0 la consolidation des droits de l\u2019homme.<\/p>\n<p style=\"text-align: justify;\"><strong>Nouveau souffle aux m\u00e9dias <\/strong><\/p>\n<p style=\"text-align: justify;\">De 1984 au 22 d\u00e9cembre 2008, date de la mort du General Lansana Cont\u00e9, des acquis, il y en a eu dans le domaine de la libert\u00e9 d\u2019opinion et de la presse. Les journaux priv\u00e9s sont les premiers \u00e0 naitre, l\u2019audiovisuel attendra quelques ann\u00e9es.<\/p>\n<p style=\"text-align: justify;\">\u00a0L\u2019organisation d\u2019un grand forum de Media Foundation sur les enjeux de la lib\u00e9ralisation des ondes en Guin\u00e9e a \u00e9t\u00e9 un des d\u00e9tonateurs des initiatives qui ont abouti \u00e0 la lib\u00e9ralisation des ondes. C\u2019est un des points positifs inscrits \u00e0 l\u2019actif du General Lansana Cont\u00e9. Le 23 d\u00e9cembre 2008, lendemain de la mort du General Cont\u00e9, une junte se saisit du pouvoir. Elle est dirig\u00e9e par le Capitaine Moussa Dadis Camara, un jeune officier au sang chaud. Il ne tarda pas \u00e0 dissoudre la Constitution, les institutions et \u00e0 instaurer une transition militaire. Elle a cr\u00e9\u00e9 un Conseil national de la transition qui a dot\u00e9 la Guin\u00e9e d\u2019une nouvelle Constitution et d\u2019une nouvelle loi sur la libert\u00e9 de la presse et une loi sur la cr\u00e9ation de la Haute autorit\u00e9 de la Communication. La loi 006 relative \u00e0 la libert\u00e9 de la presse a remplac\u00e9 la loi L005. La Loi L 003 relative \u00e0 la Haute Autorit\u00e9 de la Communication a remplac\u00e9 la loi L002 relative au Conseil national de la Communication.<\/p>\n<p style=\"text-align: justify;\"><strong>Erosion des droits sous le r\u00e9gime d\u2019Alpha Cond\u00e9<\/strong><\/p>\n<p style=\"text-align: justify;\">Cette nouvelle loi sur la libert\u00e9 de la presse d\u00e9p\u00e9nalise les d\u00e9lits de presse. En lieu et place des peines de prisons, elle a donn\u00e9 naissance \u00e0 des amendes. Cette r\u00e9forme a \u00e9t\u00e9 salu\u00e9e dans la corporation. Les journalistes et les d\u00e9fenseurs des droits des medias ont salu\u00e9 cette nouvelle donne sur l\u2019\u00e9chiquier des medias. C\u2019est aussi un des points positifs inscrits au tableau des r\u00e9formes engag\u00e9es par Capitaine Moussa Dadis Camara et sa junte militaire. C\u2019est ainsi qu\u2019en 2010, sur la base de cette nouvelle Constitution de 2010 et ces nouveaux textes de loi, les militaires ont pass\u00e9 le pouvoir aux civiles<\/p>\n<p style=\"text-align: justify;\">Le Pr\u00e9sident Alpha Cond\u00e9 arrive au pouvoir dans un environnement marqu\u00e9 par des acquis en mati\u00e8re de consolidation de la libert\u00e9 de presse, la libert\u00e9 d\u2019expression. L\u2019espoir \u00e9tait grandissant dans le microcosme m\u00e9diatique et celui des droits de l\u2019homme et des peuples. Elu pour un mandat de 5 ans renouvelable une seule fois, le pr\u00e9sident Alpha Cond\u00e9 ach\u00e8ve son premier mandat en 2015 dans un contexte politique marqu\u00e9 par une crise politique et sociale sans commune mesure.<\/p>\n<p style=\"text-align: justify;\">\u00a0Au terme de ce premier mandat de 5ans, le Pr\u00e9sident Alpha Cond\u00e9 fut r\u00e9\u00e9lu dans un contexte de crise politique sans pr\u00e9c\u00e8dent pour la Guin\u00e9e. Chemin faisant, des sir\u00e8nes r\u00e9visionnistes ont mis le pr\u00e9sident dans la posture de forcer un troisi\u00e8me mandat anti constitutionnel au terme de son second et dernier mandat qui s\u2019ach\u00e8ve le 22 d\u00e9cembre 2020.<\/p>\n<p style=\"text-align: justify;\">\u00a0En 2018, en parfaite harmonie avec les sir\u00e8nes r\u00e9visionnistes, le Pr\u00e9sident Alpha Cond\u00e9 a d\u00e9cid\u00e9 de lancer des consultations autour d\u2019une nouvelle Constitution r\u00e9dig\u00e9e par des magistrats, des hommes de droits et des ministres de la R\u00e9publique. La premi\u00e8re mouture a \u00e9t\u00e9 partag\u00e9e \u00e0 des cat\u00e9gories sociales. Au terme de cette consultation, le Pr\u00e9sident Alpha Cond\u00e9 a r\u00e9ussi \u00e0 caporalis\u00e9 toutes les institutions, l\u2019administration. Il a d\u00e9clar\u00e9 sa flamme pour un troisi\u00e8me mandat anti constitutionnelle.<\/p>\n<p style=\"text-align: justify;\"><strong>La Naissance de la FNDC et la r\u00e9pression massive \u00a0<\/strong><\/p>\n<p style=\"text-align: justify;\">Le 14 octobre 2019, est n\u00e9 en Guin\u00e9e, un mouvement citoyen appel\u00e9 \u00ab\u00a0Front national pour la D\u00e9fense de la Constitution\u00a0(FNDC)\u00a0\u00bb.<\/p>\n<p style=\"text-align: justify;\">Ce front qui regroupe l\u2019opposition, la soci\u00e9t\u00e9 civile, les syndicats et des activistes des droits de l\u2019homme a marqu\u00e9 son opposition pour tout tripatouillage de la Constitution visant \u00e0 donner au pr\u00e9sident Alpha Cond\u00e9, en fin de mandat constitution, un mandat suppl\u00e9mentaire. C\u2019est dans ce contexte que le 22 mars 2020, le Pr\u00e9sident Cond\u00e9 a soumis \u00e0 referendum une nouvelle Constitution qui supprime toutes les dispositions de l\u2019article de la Constitution de 2020 qui indique que nulle ne peut avoir plus de deux mandats constitutionnel.<\/p>\n<p style=\"text-align: justify;\">La mouture de la Constitution soumise au referendum n\u2019est pas celle qui a \u00e9t\u00e9 promulgu\u00e9e. Cette autre situation a amen\u00e9 le FNDC et l\u2019opposition a organis\u00e9 une centaine de manifestations de rue. Pour demander au Pr\u00e9sident Alpha Cond\u00e9 de retirer la nouvelle Constitution et de se contenter de la Constitution de 2010 sur laquelle il a pr\u00eat\u00e9 serment en 2010 et 2015.<\/p>\n<p style=\"text-align: justify;\">Ces manifestations r\u00e9prim\u00e9es au sang ont enregistr\u00e9 une cinquantaine de mort \u00e0 Conakry, une cinquantaine dans la r\u00e9gion du sud de la Guin\u00e9e, pr\u00e9cis\u00e9ment la R\u00e9gion administrative de N\u2019Z\u00e9r\u00e9kor\u00e9. On ne compte pas moins de 250 activistes anti 3eme mandat, anti tripatouillage constitutionnel qui ont \u00e9t\u00e9 arr\u00eat\u00e9s lors des manifestations, bastonn\u00e9s, emprisonn\u00e9s.<\/p>\n<p style=\"text-align: justify;\">Les principaux leaders du Fndc Abdourahmane Sanoh, Ibrahima Diallo, S\u00e9kou Koundouno, Mamadou Bailo Barry, Oumar Sylla Fonik\u00e9 Mengue ont \u00e9t\u00e9 arr\u00eat\u00e9s d\u00e9tenus pendant des mois. Jug\u00e9s condamn\u00e9s avec sursis. Leur tort, c\u2019est de s\u2019\u00eatre oppos\u00e9s au troisi\u00e8me mandat pour le Pr\u00e9sident Alpha Cond\u00e9.\u00a0Actuellement Souleymane Keita, un activiste anti 3 mandat qui r\u00e9side aux Etats Unis d\u2019Am\u00e9rique, rentr\u00e9 au pays r\u00e9cemment a \u00e9t\u00e9 arr\u00eat\u00e9s alors qu\u2019il venait de lancer un mouvement social contre le troisi\u00e8me mandat. Il est actuellement d\u00e9tenu \u00e0 la maison centrale.<\/p>\n<p style=\"text-align: justify;\">\u00a0Isma\u00ebl Cond\u00e9, un ancien responsable du parti au pouvoir Rpg arc en ciel du Pr\u00e9sident Alpha Cond\u00e9 est aussi en prison. Son tort aura \u00e9t\u00e9 de s\u2019opposer au 3\u00e8me mandat. Il a d\u00e9missionn\u00e9 du parti apr\u00e8s avoir publiquement demand\u00e9 au pr\u00e9sident Cond\u00e9 d\u2019abandonner son projet de 3\u00e8me mandat.<\/p>\n<p style=\"text-align: justify;\"><strong>Les m\u00e9dias face aux pr\u00e9sidentielles <\/strong><\/p>\n<p style=\"text-align: justify;\">Pour mettre les journalistes au pas concernant ce projet de 3eme mandat, le pouvoir a soumis \u00e0 l\u2019Assembl\u00e9e nationale\u00a0le vote de la nouvelle loi portant composition, organisation et fonctionnement de la Haute Autorit\u00e9 de la Communication (HAC). L\u2019adoption de cette Loi Organique caporalise la HAC<\/p>\n<p style=\"text-align: justify;\">Ce document r\u00e9vis\u00e9 qui porte le num\u00e9ro 005\/SG\/AN, a \u00e9t\u00e9 examin\u00e9 et adopt\u00e9, le vendredi 3 juillet 2010. Il consacre une forte mainmise de l\u2019ex\u00e9cutif sur cette institution charg\u00e9e de r\u00e9guler les m\u00e9dias en Guin\u00e9e. Le Pr\u00e9sident de l&#8217;Institution est nomm\u00e9 par d\u00e9cret du pr\u00e9sident de la R\u00e9publique alors que dans l\u2019ancienne loi, ce dernier \u00e9tait \u00e9lu par ses pairs. Chez de nombreux professionnels de medias, on craint que la HAC ne soit d\u00e9sormais une simple caisse de r\u00e9sonance.<\/p>\n<p style=\"text-align: justify;\">De 2018 \u00e0 2020, une centaine de journalistes guin\u00e9ens ont \u00e9t\u00e9 brutalis\u00e9s, mis en prison, sous contr\u00f4le judiciaire ou tout simplement mis en prison pour leurs interventions dans des d\u00e9bats ax\u00e9s sur le troisi\u00e8me mandat, ou sur les d\u00e9rives du pouvoir. Des radios, des sites, des journaux ont \u00e9t\u00e9 suspendus pour des motifs divers.<\/p>\n<p style=\"text-align: justify;\">C\u2019est dans ces conditions de mus\u00e8lement des activistes de la soci\u00e9t\u00e9 civile, de caporalisation des institutions, d\u2019intimidation de la presse qu\u2019arrive une \u00e9lection pr\u00e9sidentielle controvers\u00e9e. Le Fndc fid\u00e8le \u00e0 sa ligne multiple les manifestations de rue qui sont reconnues par la Constitution mais qui sont souvent r\u00e9prim\u00e9es au sang. Ce qui fait dire \u00e0 des observateurs que la Guin\u00e9e fait face au scrutin pr\u00e9sidentiel le plus dangereux de son histoire.<\/p>\n<p style=\"text-align: justify;\">\u00a0Les scrutins sont souvent des moments de tension \u00e9lectorale, des moments d\u2019accrochages entre les Forces de d\u00e9fense et de s\u00e9curit\u00e9 et les medias. C\u2019est dans ce cadre que Media Foundation for west africa (MFWA) en partenariat avec l\u2019AGEPI, l\u2019Association Guin\u00e9enne de la Presse Ind\u00e9pendante (AGEPI), a organis\u00e9 un cadre de concertation entre \u00ab\u00a0media- services de s\u00e9curit\u00e9\u00a0\u00bb pour la s\u00e9curit\u00e9 des journalistes en p\u00e9riode \u00e9lectorale et post \u00e9lectoral le 28 Octobre 2019.<\/p>\n<p style=\"text-align: justify;\">Lors de ce forum d\u2019\u00e9change entre force de l\u2019ordre et journalistes, des points d\u2019action pour l\u2019am\u00e9lioration des relations entre les m\u00e9dias, et les forces de d\u00e9fense et de s\u00e9curit\u00e9 ont \u00e9t\u00e9 identifi\u00e9s.\u00a0 Un comit\u00e9 ad hoc de 11 membres compos\u00e9s de journalistes, officiers de FDS, organisation des m\u00e9dias, juristes, magistrats est charg\u00e9 de l\u2019\u00e9laboration d\u2019un document ax\u00e9 sur les bonnes relations entre les FDS et les m\u00e9dias. Le 17 Septembre 2020, les membres du comit\u00e9 se sont retrouv\u00e9s en vue de relire et \u00e9ventuellement valider le projet de Cadre de concertation m\u00e9dias et des services de s\u00e9curit\u00e9, ce document ayant \u00e9t\u00e9 \u00e9tabli et soumis par un consultant recrut\u00e9 par la MFWA \u00e0 cet effet.<\/p>\n<p style=\"text-align: justify;\">\u00a0En Septembre toujours, le pr\u00e9sident de l\u2019Urtelgui (Union des radios et t\u00e9l\u00e9visions libres de Guin\u00e9e) a sillonn\u00e9 les r\u00e9gions administratives de Guin\u00e9e. Pour une s\u00e9rie de formation de journalisme en pr\u00e9lude \u00e0 la Pr\u00e9sidentielle. Il a expliqu\u00e9 aux journalistes de ces r\u00e9gions comment assurer correctement la couverture m\u00e9diatique d\u2019un scrutin pr\u00e9sidentiel<\/p>\n<p style=\"text-align: justify;\">\u00ab Quels sont les r\u00f4les qu\u2019un journaliste doit jouer avant pendant et apr\u00e8s les \u00e9lections. La responsabilit\u00e9 soci\u00e9tale d\u2019un journaliste et la gestion des rumeurs. Parce que je vous le dis,\u00a0l\u2019\u00e9lection pr\u00e9sidentielle est la plupart du temps \u00e9maill\u00e9e de tensions et de violences parce que \u00e7a met en jeu les ethnies. Il faudrait rappeler aux journalistes le r\u00f4le qu\u2019ils doivent jouer pour la qui\u00e9tude sociale. Comme vous le savez, il y a certains parmi vous qui n\u2019ont jamais couvert des \u00e9lections\u00a0\u00bb a dit Sanou Kerfalla Ciss\u00e9<\/p>\n<p style=\"text-align: justify;\">Le contexte politique, social tendu dans lequel se tient la pr\u00e9sidentielle du 18 octobre inqui\u00e8te les organisations de d\u00e9fense des m\u00e9dias, de la libert\u00e9 d\u2019expression et d\u2019opinion. C\u2019est ce qui fait que d\u2019autres formations sont pr\u00e9vues pour les journalistes avant le scrutin pr\u00e9vue le 18 octobre. Tous ces appuis visent \u00e0 prot\u00e9ger les journalistes dans cet Etat o\u00f9 le pouvoir ne tol\u00e8re aucun son discordant en d\u00e9phasage avec le 3eme mandat, y compris de la part des journalistes. La MFWA appelle alors les m\u00e9dias guin\u00e9enne \u00e0 faire preuve de fortitude, deligence<\/p>\n<p style=\"text-align: justify;\">\u2018<\/p>\n<p style=\"text-align: justify;\">\n","protected":false},"excerpt":{"rendered":"<p>La R\u00e9publique de Guin\u00e9e a souffl\u00e9 ce vendredi l\u2019an 62 de son accession \u00e0 l\u2019Ind\u00e9pendance. De 1958 \u00e0<\/p>\n","protected":false},"author":6,"featured_media":2225,"comment_status":"closed","ping_status":"closed","sticky":false,"template":"","format":"standard","meta":{"footnotes":""},"categories":[320],"tags":[],"country":[244],"staff-position":[],"opportunity-category":[],"ppma_author":[515],"class_list":["post-19918","post","type-post","status-publish","format-standard","has-post-thumbnail","hentry","category-la-liberte-dexpression","country-guinee"],"authors":[{"term_id":515,"user_id":6,"is_guest":0,"slug":"kwaku","display_name":"Kwaku Asante","avatar_url":"https:\/\/secure.gravatar.com\/avatar\/f4b2f4008b9a29d4584bcac804b285ce2bebcee8b616a60be83b4a9ded8963b7?s=96&d=mm&r=g","0":null,"1":"","2":"","3":"","4":"","5":"","6":"","7":"","8":""}],"_links":{"self":[{"href":"https:\/\/demo.mfwa.org\/fr\/wp-json\/wp\/v2\/posts\/19918","targetHints":{"allow":["GET"]}}],"collection":[{"href":"https:\/\/demo.mfwa.org\/fr\/wp-json\/wp\/v2\/posts"}],"about":[{"href":"https:\/\/demo.mfwa.org\/fr\/wp-json\/wp\/v2\/types\/post"}],"author":[{"embeddable":true,"href":"https:\/\/demo.mfwa.org\/fr\/wp-json\/wp\/v2\/users\/6"}],"replies":[{"embeddable":true,"href":"https:\/\/demo.mfwa.org\/fr\/wp-json\/wp\/v2\/comments?post=19918"}],"version-history":[{"count":0,"href":"https:\/\/demo.mfwa.org\/fr\/wp-json\/wp\/v2\/posts\/19918\/revisions"}],"wp:featuredmedia":[{"embeddable":true,"href":"https:\/\/demo.mfwa.org\/fr\/wp-json\/wp\/v2\/media\/2225"}],"wp:attachment":[{"href":"https:\/\/demo.mfwa.org\/fr\/wp-json\/wp\/v2\/media?parent=19918"}],"wp:term":[{"taxonomy":"category","embeddable":true,"href":"https:\/\/demo.mfwa.org\/fr\/wp-json\/wp\/v2\/categories?post=19918"},{"taxonomy":"post_tag","embeddable":true,"href":"https:\/\/demo.mfwa.org\/fr\/wp-json\/wp\/v2\/tags?post=19918"},{"taxonomy":"country","embeddable":true,"href":"https:\/\/demo.mfwa.org\/fr\/wp-json\/wp\/v2\/country?post=19918"},{"taxonomy":"staff-position","embeddable":true,"href":"https:\/\/demo.mfwa.org\/fr\/wp-json\/wp\/v2\/staff-position?post=19918"},{"taxonomy":"opportunity-category","embeddable":true,"href":"https:\/\/demo.mfwa.org\/fr\/wp-json\/wp\/v2\/opportunity-category?post=19918"},{"taxonomy":"author","embeddable":true,"href":"https:\/\/demo.mfwa.org\/fr\/wp-json\/wp\/v2\/ppma_author?post=19918"}],"curies":[{"name":"wp","href":"https:\/\/api.w.org\/{rel}","templated":true}]}}