{"id":20824,"date":"2021-01-20T15:22:49","date_gmt":"2021-01-20T15:22:49","guid":{"rendered":"https:\/\/www.mfwa.org\/?p=20824"},"modified":"2021-01-20T16:06:17","modified_gmt":"2021-01-20T16:06:17","slug":"medias-et-terrorisme-au-mali-comment-les-journalistes-peuvent-ils-sadapter","status":"publish","type":"post","link":"https:\/\/demo.mfwa.org\/fr\/medias-et-terrorisme-au-mali-comment-les-journalistes-peuvent-ils-sadapter\/","title":{"rendered":"M\u00e9dias et terrorisme au Mali: Comment les Journalistes Peuvent-ils s\u2019Adapter ?"},"content":{"rendered":"<p style=\"text-align: justify;\">Dans le but de remplir notre mission de plaidoirie en faveur d\u2019un meilleur environnement pour l\u2019exercice de la libert\u00e9 de la presse, la Fondation des M\u00e9dias pour l\u2019Afrique de l\u2019Ouest (MFWA) porte depuis quelque temps un regard particulier sur la zone sah\u00e9lienne de l\u2019Afrique de l\u2019Ouest en proie \u00e0 l\u2019insurrection djihadiste et l\u2019implication de cette crise s\u00e9curitaire pour le travail des journalistes. \u00a0Dans cette perspective, la MFWA a publi\u00e9 des articles soulignant les d\u00e9fis auxquels sont confront\u00e9s les journalistes du <a href=\"https:\/\/www.mfwa.org\/fr\/pratiquer-le-journalisme-dans-les-zones-des-conflits-au-niger-limpossible-acces-aux-sources-dinformation\/\">Niger<\/a> et le <a href=\"https:\/\/www.mfwa.org\/fr\/les-medias-et-la-lutte-contre-le-terrorisme-en-afrique-de-louest-le-cas-du-burkina-faso\/\">Burkina Faso<\/a>.\u00a0 Ce troisi\u00e8me volet est consacr\u00e9 \u00e0 la situation au Mali.<\/p>\n<p style=\"text-align: justify;\">La libert\u00e9 d\u2019expression constitue un droit consacr\u00e9 par l\u2019Article 19 de la D\u00e9claration Universelle des Droits de l\u2019Homme. Il conf\u00e8re \u00e0 toute personne le droit de pouvoir librement chercher, recevoir et r\u00e9pandre des informations et des id\u00e9es par quelque moyen d\u2019expression que ce soit. Il permet le libre exercice et la protection de l\u2019ensemble des autres droits fondamentaux. De nombreuses situations \u00e0 travers le monde indiquent que lorsque la libert\u00e9 d\u2019expression recule, les autres droits ne tardent pas \u00e0 subir le m\u00eame sort. Tel est le cas au Mali.<\/p>\n<p style=\"text-align: justify;\">Jusqu\u2019en 2010, deux ans avant l&#8217;occupation du Nord du pays par des groupes extr\u00e9mistes, la situation de la libert\u00e9 de la presse malienne \u00e9tait jug\u00e9e &#8220;plut\u00f4t bonne.&#8221; Mais avec la crise s\u00e9curitaire qui secoue le pays depuis maintenant neuf ans, la situation s&#8217;est consid\u00e9rablement d\u00e9grad\u00e9e. Une multiplication des atteintes aux libert\u00e9s de la presse a \u00e9t\u00e9 constat\u00e9e. Le nord et le centre du pays demeurent des zones extr\u00eamement dangereuses pour les journalistes maliens.<\/p>\n<p style=\"text-align: justify;\">La s\u00e9curit\u00e9 des journalistes au Mali est devenue un d\u00e9fi quotidien. Les journalistes et les m\u00e9dias sont trop souvent pris pour cible par ceux qui veulent imposer une chape de plomb sur l\u2019information des citoyens et le d\u00e9bat public.<\/p>\n<p style=\"text-align: justify;\">C\u2019est ce que confirme, Ramata Diaour\u00e9, une figure incontournable de la presse malienne. Journaliste et formatrice, elle est \u00e9galement membre du comit\u00e9 des experts de la maison de la presse du Mali. \u00ab Pendant et apr\u00e8s la crise, on ne peut toujours pas travailler comme on voudrait \u00bb confie-t-elle, tout en conc\u00e9dant qu&#8217;il n&#8217;y a pas \u00ab objectivement, de gros freins \u00bb. Elle d\u00e9plore n\u00e9anmoins une certaine m\u00e9connaissance des textes de lois qui r\u00e9gissent la profession par bien des acteurs, ce qui peut entra\u00eener de la m\u00e9fiance de part et d&#8217;autre.<\/p>\n<p style=\"text-align: justify;\">Adama Diarra ancien journaliste au quotidien d\u2019Etat l&#8217;Essor, a accompagn\u00e9 le premier convoi de l&#8217;arm\u00e9e malienne qui est rentr\u00e9 dans Gao lors de la lib\u00e9ration du Nord du Mali en 2013. Int\u00e9grer cette mission compliqu\u00e9e et dangereuse \u00e9tait primordial pour ce sp\u00e9cialiste des questions de s\u00e9curit\u00e9 et de d\u00e9fense qui tenait \u00e0 voir de ses propres yeux cet \u00e9v\u00e9nement historique pour son pays. Mais ce ne f\u00fbt pas une mince affaire et il n\u2019obtint l&#8217;autorisation qu&#8217;apr\u00e8s d&#8217;\u00e2pres n\u00e9gociations, pr\u00e9cise-t-il.<\/p>\n<p style=\"text-align: justify;\">La plupart des journalistes maliens vivant dans les zones en proie au terrorisme, malgr\u00e9 la peur de repr\u00e9sailles des terroristes ou des milices d\u2019auto-d\u00e9fenses, expliquent qu\u2019ils vivent avec la menace, et font leur travail. \u00ab\u00a0S\u2019il y\u2019a des attaques terroristes ou conflits intercommunautaire dans ma localit\u00e9, je suis oblig\u00e9 d\u2019aller faire le constat car des confr\u00e8res de Bamako m\u2019appellera pour avoir plus de pr\u00e9cisions sur l\u2019attaque. Je prends mes responsabilit\u00e9s avec tous les risques en m\u2019aventurant sur les lieux car c\u2019est mon devoir d\u2019informer. Les populations traumatis\u00e9es, veulent comprendre pourquoi les massacres redoublent d\u2019intensit\u00e9. Nous recevons des coups de fil de nos faiti\u00e8res pour nous dire de faire attention \u00e0 notre vie en traitant avec rigueur les sujets d\u2019attaques meurtri\u00e8res. \u00a0La plupart de nos coll\u00e8gues ne pouvant plus tenir ont d\u00e9cid\u00e9 d\u2019abandonner le m\u00e9tier ou se r\u00e9fugier vers le sud (Bamako) \u00bb, raconte un journaliste de la r\u00e9gion de Mopti (Centre du Mali).<\/p>\n<p style=\"text-align: justify;\">Ce n\u2019est pas le cas de Moussa Camara journaliste \u00e0 la radio Mikado (MINUSMA) bas\u00e9 dans le camp militaire de la MINUSMA de Kidal qui b\u00e9n\u00e9ficie d\u2019une protection des casques bleus de l\u2019ONU lors de ses reportages.<\/p>\n<p style=\"text-align: justify;\">Le Directeur de l\u2019Information et des Relations Publiques des Arm\u00e9es, le colonel-major Diarran Kon\u00e9 dira que les m\u00e9dias maliens doivent \u00e9viter d\u2019\u00eatre dans ces zones incontr\u00f4l\u00e9es car ils peuvent tomber dans les guet-apens. \u00a0\u00ab\u00a0C\u2019est pourquoi \u00e0 chaque attaque, nous faisions un communiqu\u00e9 de presse envoy\u00e9 dans les diff\u00e9rentes r\u00e9dactions pour publications pour les \u00e9viter d\u2019envoyer un journaliste sur les lieux, tr\u00e8s risqu\u00e9s pour sa vie. Dans ces zones, nous avions des journalistes-militaires sur front qui nous donnent des informations en temps r\u00e9els en images et vid\u00e9os.\u00a0 Nous interdisons ces zones aux journalistes civils, il arrive souvent que nous escortons certains journalistes \u00e0 la demande de la hi\u00e9rarchie pour faire un grand reportage. Les journalistes maliens sont conscients que les mesures que nous avions prises, \u00e0 contre c\u0153ur, c\u2019est pour leurs protections.\u00a0\u00bb Nous confie le Colonel-major.<\/p>\n<p style=\"text-align: justify;\">Selon Hamma Yalcoye enseignant en sociologie de la communication et des m\u00e9dias de l\u2019Universit\u00e9 de Bamako, le journaliste en zones expos\u00e9 au terrorisme devrait avoir\u00a0:<\/p>\n<ul style=\"text-align: justify;\">\n<li>l\u2019humilit\u00e9 : l\u2019exc\u00e8s de confiance en soi est dangereux. Il faut aborder chaque mission comme si c\u2019\u00e9tait la premi\u00e8re, avec modestie et respect des autres, des coutumes locales.<\/li>\n<li>la pr\u00e9paration : il est imp\u00e9ratif d\u2019anticiper les risques par une connaissance de la culture du pays, de la r\u00e9gion pour vous fondre au mieux dans l\u2019environnement local. Au-del\u00e0 des diff\u00e9rences physiques, des diff\u00e9rences comportementales peuvent vite trahir dans certains pays. Exemple : fumer pendant le Ramadan, tendre la main \u00e0 une femme pour la saluer, etc.<\/li>\n<li>le bon sens : il faut savoir \u00e9couter votre instinct, rester prudent, discret et attentif aux signaux d\u2019alerte. Ne pas se laisser emporter par l\u2019adr\u00e9naline ou la course \u00e0 la reconnaissance : un reportage, une photo ne valent pas votre vie.<\/li>\n<\/ul>\n<p style=\"text-align: justify;\">Dans une zone de combats, le journaliste devrait portez un gilet pare-balles et un casque et se pr\u00e9senter comme journaliste. L\u2019itin\u00e9raire doit \u00eatre bien pr\u00e9par\u00e9 avant tout d\u00e9placement. \u00c0 un checkpoint, il faut rester calme et coop\u00e9rer avec les gardes. Face \u00e0 des tirs, il faut se plaquer au sol et se mettre \u00e0 l\u2019abri.<\/p>\n","protected":false},"excerpt":{"rendered":"<p>Dans le but de remplir notre mission de plaidoirie en faveur d\u2019un meilleur environnement pour l\u2019exercice de la<\/p>\n","protected":false},"author":6,"featured_media":20817,"comment_status":"closed","ping_status":"closed","sticky":false,"template":"","format":"standard","meta":{"footnotes":""},"categories":[311],"tags":[],"country":[247],"staff-position":[],"opportunity-category":[],"ppma_author":[515],"class_list":["post-20824","post","type-post","status-publish","format-standard","has-post-thumbnail","hentry","category-securite-des-journalistes","country-mali-fr"],"authors":[{"term_id":515,"user_id":6,"is_guest":0,"slug":"kwaku","display_name":"Kwaku Asante","avatar_url":"https:\/\/secure.gravatar.com\/avatar\/f4b2f4008b9a29d4584bcac804b285ce2bebcee8b616a60be83b4a9ded8963b7?s=96&d=mm&r=g","0":null,"1":"","2":"","3":"","4":"","5":"","6":"","7":"","8":""}],"_links":{"self":[{"href":"https:\/\/demo.mfwa.org\/fr\/wp-json\/wp\/v2\/posts\/20824","targetHints":{"allow":["GET"]}}],"collection":[{"href":"https:\/\/demo.mfwa.org\/fr\/wp-json\/wp\/v2\/posts"}],"about":[{"href":"https:\/\/demo.mfwa.org\/fr\/wp-json\/wp\/v2\/types\/post"}],"author":[{"embeddable":true,"href":"https:\/\/demo.mfwa.org\/fr\/wp-json\/wp\/v2\/users\/6"}],"replies":[{"embeddable":true,"href":"https:\/\/demo.mfwa.org\/fr\/wp-json\/wp\/v2\/comments?post=20824"}],"version-history":[{"count":0,"href":"https:\/\/demo.mfwa.org\/fr\/wp-json\/wp\/v2\/posts\/20824\/revisions"}],"wp:featuredmedia":[{"embeddable":true,"href":"https:\/\/demo.mfwa.org\/fr\/wp-json\/wp\/v2\/media\/20817"}],"wp:attachment":[{"href":"https:\/\/demo.mfwa.org\/fr\/wp-json\/wp\/v2\/media?parent=20824"}],"wp:term":[{"taxonomy":"category","embeddable":true,"href":"https:\/\/demo.mfwa.org\/fr\/wp-json\/wp\/v2\/categories?post=20824"},{"taxonomy":"post_tag","embeddable":true,"href":"https:\/\/demo.mfwa.org\/fr\/wp-json\/wp\/v2\/tags?post=20824"},{"taxonomy":"country","embeddable":true,"href":"https:\/\/demo.mfwa.org\/fr\/wp-json\/wp\/v2\/country?post=20824"},{"taxonomy":"staff-position","embeddable":true,"href":"https:\/\/demo.mfwa.org\/fr\/wp-json\/wp\/v2\/staff-position?post=20824"},{"taxonomy":"opportunity-category","embeddable":true,"href":"https:\/\/demo.mfwa.org\/fr\/wp-json\/wp\/v2\/opportunity-category?post=20824"},{"taxonomy":"author","embeddable":true,"href":"https:\/\/demo.mfwa.org\/fr\/wp-json\/wp\/v2\/ppma_author?post=20824"}],"curies":[{"name":"wp","href":"https:\/\/api.w.org\/{rel}","templated":true}]}}