{"id":21342,"date":"2021-04-06T11:18:16","date_gmt":"2021-04-06T11:18:16","guid":{"rendered":"https:\/\/www.mfwa.org\/?p=21342"},"modified":"2021-04-06T14:54:56","modified_gmt":"2021-04-06T14:54:56","slug":"journaliste-condamne-a-3-mois-de-prison-avec-sursis-suite-a-la-plainte-dun-confrere","status":"publish","type":"post","link":"https:\/\/demo.mfwa.org\/fr\/journaliste-condamne-a-3-mois-de-prison-avec-sursis-suite-a-la-plainte-dun-confrere\/","title":{"rendered":"Journaliste Condamn\u00e9 \u00e0 3 Mois de Prison avec Sursis suite \u00e0 la Plainte d\u2019un Confr\u00e8re"},"content":{"rendered":"<p style=\"text-align: justify;\">Dans une affaire qui oppose deux journalistes, le tribunal r\u00e9gional de Nouakchott-Ouest a, le 18 Mars 2021, condamn\u00e9 \u00e0 trois mois de prison avec sursis, le Pr\u00e9sident de l&#8217;Association des Journalistes Mauritaniens Moussa Ould Bouhli &#8221; pour diffusion de fausses nouvelles via Internet &#8221; et &#8221; diffamation&#8221;<\/p>\n<p style=\"text-align: justify;\">Cette condamnation fait suite \u00e0 une plainte du pr\u00e9sident du Syndicat des Journalistes Mauritaniens (SJM) Mohamed Salem Ould Dah. Le plaignant reproche \u00e0 Ould Bouhli de se livrer depuis cinq mois sur sa page Facebook \u00e0 des attaques personnelles &#8221; fonci\u00e8rement grossi\u00e8res&#8221;, sans aucun lien avec ses activit\u00e9s de journaliste, ni de pr\u00e9sident du SJM.<\/p>\n<p style=\"text-align: justify;\">Le verdict sonne comme un avertissement. Toutefois, Ould Bouhli a tenu \u00e0 r\u00e9agir sur sa page Facebook, au lendemain de sa condamnation : &#8221; Je continuerai ma lutte \u00e0 faire \u00e9clore la v\u00e9rit\u00e9 pour l&#8217;\u00e9mergence d&#8217;un journalisme et de syndicats cr\u00e9dibles, quoi que cela puisse me co\u00fbter. Je sais que la t\u00e2che est difficile. Mais je continuerai \u00e0 pers\u00e9v\u00e9rer sur cette voie &#8220;.<\/p>\n<p style=\"text-align: justify;\">Livrant sa version des faits, Ould Bouhli d\u00e9plore que Ould Dah ait d\u00e9cid\u00e9 de faire recours \u00e0 la justice pour ce diff\u00e9rend avant d\u2019ajouter \u2018\u2019moi aussi, j\u2019ai pris les pr\u00e9cautions n\u00e9cessaires pour me d\u00e9fendre\u2019\u2019 sans toutefois expliciter ses propos.<\/p>\n<p style=\"text-align: justify;\">Ould Dah n\u2019a pas donn\u00e9 suite \u00e0 notre demande, en d\u00e9pit d\u2019une relance insistante. Il n\u2019a pas non plus r\u00e9agi publiquement suite au prononc\u00e9 du verdict. Cela, en d\u00e9pit d\u2019une bonne disposition qu\u2019il avait affich\u00e9 \u00e0 recevoir le correspondant de la MFWA, lors d\u2019un rendez-vous que nous avions arr\u00eat\u00e9 d\u2019un commun accord au si\u00e8ge de son syndicat<\/p>\n<p style=\"text-align: justify;\">Toutefois, ce diff\u00e9rend qui a pris des proportions inqui\u00e9tantes suscite une vive indignation dans le milieu de la presse. Malgr\u00e9 les rivalit\u00e9s entre les journalistes mauritaniens, c&#8217;est la premi\u00e8re fois que l&#8217;un d&#8217;eux recourt \u00e0 la justice pour faire condamner un confr\u00e8re.<\/p>\n<p style=\"text-align: justify;\">Sur la lanc\u00e9e, Bakary Gu\u00e8ye, journaliste, \u00e9voque la rivalit\u00e9 persistante entre les deux protagonistes \u2018\u2019Entre Mohamed Salem Ould Dah, pr\u00e9sident du SJM et Moussa Ould Bouhli, pr\u00e9sident de l&#8217;association des journalistes mauritaniens, le conflit est permanent. Ce dernier vient d&#8217;\u00eatre condamn\u00e9 \u00e0 3 mois de prison avec sursis pour diffamation. Les accusations graves qu&#8217;il avait faites contre Ould Dah \u00e9taient apparemment erron\u00e9es. Il l&#8217;avait accus\u00e9 entre autres de connivence avec l&#8217;Etat d&#8217;Isra\u00ebl.<\/p>\n<p style=\"text-align: justify;\">\u00ab\u00a0Bref, c&#8217;est un conflit personnel qui met en exergue les probl\u00e8mes de la presse mauritanienne qui est le champ de combat pour des int\u00e9r\u00eats personnels\u2019\u2019, d\u00e9plore Gu\u00e8ye.<\/p>\n<p style=\"text-align: justify;\">Oumar Abdellahi, directeur de l\u2019hebdomadaire <em>l\u2019Authentique<\/em> d\u00e9sapprouve ce proc\u00e9d\u00e9. \u00ab\u00a0Il faut d\u00e9plorer que la justice ait \u00e9t\u00e9 invit\u00e9e \u00e0 ce probl\u00e8me qui dans tous les cas ne grandit pas la presse. Au contraire. Je ne pense pas qu\u2019aujourd\u2019hui, le temps soit aux querelles, aux batailles juridiques ou \u00e0 la qu\u00eate de leadership entre les journalistes mauritaniens.<\/p>\n<p style=\"text-align: justify;\">Partant, notre priorit\u00e9, \u00e0 tous, doit \u00eatre dans le combat pour de meilleures conditions de travail, l\u2019affirmation d\u2019une presse libre, cr\u00e9dible, forte et capable de jouer pleinement son r\u00f4le de quatri\u00e8me pouvoir. Tout le reste n\u2019est que futilit\u00e9 et tergiversations de tr\u00e8s mauvais go\u00fbt\u00a0\u00bb, a fait remarquer Oumar Abdellahi.<\/p>\n<p style=\"text-align: justify;\">Aujourd\u2019hui, la situation de la presse mauritanienne s\u2019est d\u00e9t\u00e9rior\u00e9e avec le Covid-19. Les institutions de presse priv\u00e9e &#8211; \u00e9cart\u00e9e du fonds sp\u00e9cial de soutien sont dans un \u00e9tat v\u00e9g\u00e9tatif. Min\u00e9 et ne disposant pas des moyens de sa politique, le secteur est dans un \u00e9tat de d\u00e9cr\u00e9pitude avanc\u00e9. Et l\u2019embargo de l\u2019Etat tarde \u00e0 \u00eatre lev\u00e9.<\/p>\n<p style=\"text-align: justify;\">La presse mauritanienne peine \u00e0 exister et ne peut pas supporter ce coup dur sur le plan moral. Les associations des m\u00e9dias ainsi que les organisations de d\u00e9fense de libert\u00e9 de la presse ont toujours demand\u00e9 que les litiges au sein des m\u00e9dias soient soumis \u00e0 la m\u00e9diation des instances d\u2019autor\u00e9gulation.\u00a0 La MFWA d\u00e9plore alors le recours \u00e0 la justice pour r\u00e9gler un diff\u00e9rend entre confr\u00e8res.<\/p>\n","protected":false},"excerpt":{"rendered":"<p>Dans une affaire qui oppose deux journalistes, le tribunal r\u00e9gional de Nouakchott-Ouest a, le 18 Mars 2021, condamn\u00e9<\/p>\n","protected":false},"author":6,"featured_media":18112,"comment_status":"closed","ping_status":"closed","sticky":false,"template":"","format":"standard","meta":{"footnotes":""},"categories":[311],"tags":[],"country":[248],"staff-position":[],"opportunity-category":[],"ppma_author":[515],"class_list":["post-21342","post","type-post","status-publish","format-standard","has-post-thumbnail","hentry","category-securite-des-journalistes","country-mauritanie"],"authors":[{"term_id":515,"user_id":6,"is_guest":0,"slug":"kwaku","display_name":"Kwaku Asante","avatar_url":"https:\/\/secure.gravatar.com\/avatar\/f4b2f4008b9a29d4584bcac804b285ce2bebcee8b616a60be83b4a9ded8963b7?s=96&d=mm&r=g","0":null,"1":"","2":"","3":"","4":"","5":"","6":"","7":"","8":""}],"_links":{"self":[{"href":"https:\/\/demo.mfwa.org\/fr\/wp-json\/wp\/v2\/posts\/21342","targetHints":{"allow":["GET"]}}],"collection":[{"href":"https:\/\/demo.mfwa.org\/fr\/wp-json\/wp\/v2\/posts"}],"about":[{"href":"https:\/\/demo.mfwa.org\/fr\/wp-json\/wp\/v2\/types\/post"}],"author":[{"embeddable":true,"href":"https:\/\/demo.mfwa.org\/fr\/wp-json\/wp\/v2\/users\/6"}],"replies":[{"embeddable":true,"href":"https:\/\/demo.mfwa.org\/fr\/wp-json\/wp\/v2\/comments?post=21342"}],"version-history":[{"count":2,"href":"https:\/\/demo.mfwa.org\/fr\/wp-json\/wp\/v2\/posts\/21342\/revisions"}],"predecessor-version":[{"id":21346,"href":"https:\/\/demo.mfwa.org\/fr\/wp-json\/wp\/v2\/posts\/21342\/revisions\/21346"}],"wp:featuredmedia":[{"embeddable":true,"href":"https:\/\/demo.mfwa.org\/fr\/wp-json\/wp\/v2\/media\/18112"}],"wp:attachment":[{"href":"https:\/\/demo.mfwa.org\/fr\/wp-json\/wp\/v2\/media?parent=21342"}],"wp:term":[{"taxonomy":"category","embeddable":true,"href":"https:\/\/demo.mfwa.org\/fr\/wp-json\/wp\/v2\/categories?post=21342"},{"taxonomy":"post_tag","embeddable":true,"href":"https:\/\/demo.mfwa.org\/fr\/wp-json\/wp\/v2\/tags?post=21342"},{"taxonomy":"country","embeddable":true,"href":"https:\/\/demo.mfwa.org\/fr\/wp-json\/wp\/v2\/country?post=21342"},{"taxonomy":"staff-position","embeddable":true,"href":"https:\/\/demo.mfwa.org\/fr\/wp-json\/wp\/v2\/staff-position?post=21342"},{"taxonomy":"opportunity-category","embeddable":true,"href":"https:\/\/demo.mfwa.org\/fr\/wp-json\/wp\/v2\/opportunity-category?post=21342"},{"taxonomy":"author","embeddable":true,"href":"https:\/\/demo.mfwa.org\/fr\/wp-json\/wp\/v2\/ppma_author?post=21342"}],"curies":[{"name":"wp","href":"https:\/\/api.w.org\/{rel}","templated":true}]}}