{"id":23130,"date":"2021-07-12T10:44:14","date_gmt":"2021-07-12T10:44:14","guid":{"rendered":"https:\/\/www.mfwa.org\/?p=23130"},"modified":"2021-07-12T15:33:45","modified_gmt":"2021-07-12T15:33:45","slug":"disparition-du-journaliste-birama-toure-au-mali-mfwa-salue-le-lancement-dun-mandat-darret-le-fils-de-lex-president-ibk","status":"publish","type":"post","link":"https:\/\/demo.mfwa.org\/fr\/disparition-du-journaliste-birama-toure-au-mali-mfwa-salue-le-lancement-dun-mandat-darret-le-fils-de-lex-president-ibk\/","title":{"rendered":"Disparition du journaliste Birama Tour\u00e9 au Mali : MFWA salue le lancement d\u2019un mandat d\u2019arr\u00eat contrele fils de l\u2019ex-pr\u00e9sident IBK"},"content":{"rendered":"<p style=\"text-align: justify;\">La Fondation des Medias pour l\u2019Afrique de l\u2019Ouest (MFWA) a appris avec satisfaction le lancement par Interpol d&#8217;un mandat d&#8217;arr\u00eat international contre Karim Keita, fils de l&#8217;ancien Pr\u00e9sident Ibrahim Boubacar dans le cadre de l\u2019affaire du journaliste de \u00ab Le Sphinx \u00bb, Birama Tour\u00e9, port\u00e9 disparu depuis le 29 janvier 2016.<\/p>\n<p style=\"text-align: justify;\">L\u2019ex-reporter du Sphinx, un journal d\u2019investigation malien est g\u00e9n\u00e9ralement cru mort. Le juge d\u2019instruction du tribunal de grande instance de la commune IV de Bamako, en charge du dossier, a sollicit\u00e9 le soutien d\u2019Interpol pour mettre la main sur Karim Keita, soup\u00e7onn\u00e9 d\u2019\u00eatre impliqu\u00e9 dans la disparition du journaliste en 2016.<\/p>\n<p style=\"text-align: justify;\">Au moment de sa disparition, Birama Tour\u00e9 avait commenc\u00e9 \u00e0 enqu\u00eater sur une liaison qu\u2019aurait entretenu Karim Ke\u00efta, ancien Pr\u00e9sident de la commission D\u00e9fense de l\u2019Assembl\u00e9e nationale du Mali, avec la femme de l\u2019un de ses amis. Son ancien patron, le directeur de publication du Sphinx Adama Dram\u00e9 est persuad\u00e9 que cette enqu\u00eate est \u00e0 l\u2019origine de sa disparition. Selon ses informations, c\u2019est le lieutenant-colonel Cheikh Oumar N&#8217;Diaye, \u00e0 l\u2019\u00e9poque patron de la s\u00e9curit\u00e9 d\u2019Etat et en lien avec Karim Ke\u00efta, qui pr\u00e9sidait alors la Commission d\u00e9fense de l\u2019Assembl\u00e9e nationale, qui aurait propos\u00e9 ses services pour r\u00e9gler cette affaire.<\/p>\n<p style=\"text-align: justify;\">En octobre 2017, le journal malien <em>Le Pays<\/em>, r\u00e9v\u00e9lait \u00e9galement disposer de t\u00e9moins affirmant que Birama Tour\u00e9 avait \u00e9t\u00e9 d\u00e9tenu et s\u00e9questr\u00e9 \u00e0 la s\u00e9curit\u00e9 d\u2019Etat sur \u201cordre de Karim Ke\u00efta\u201d. Le directeur de publication a par la suite \u00e9t\u00e9 entendu par la justice sans que Karim Ke\u00efta ne soit inqui\u00e9t\u00e9.<\/p>\n<p style=\"text-align: justify;\">La disparition du journaliste suscite toujours de vives \u00e9motions. Le 29 janvier, 2020, des confr\u00e8res, des proches et des repr\u00e9sentants d\u2019ONG se sont r\u00e9unis en signe de solidarit\u00e9 devant le si\u00e8ge du<em>\u00a0Sphinx<\/em>\u00a0pour manifester leur solidarit\u00e9 et d\u00e9noncer le silence des autorit\u00e9s concernant le dossier.<\/p>\n<p style=\"text-align: justify;\">Le 4 juin, 2019, Karim Ke\u00efta avait d\u00e9pos\u00e9 une plainte en diffamation contre <em>Le Sphinx <\/em>et <em>Bamako FM<\/em> pour avoir \u00e9voqu\u00e9 son \u00e9ventuelle implication dans la disparition de Toure. Les deux organes des m\u00e9dias avaient \u00e9galement cit\u00e9 le colonel cheikh Oumar Ndiaye alors chef de la division des enqu\u00eates de la s\u00e9curit\u00e9 d&#8217;Etat dans l\u2019affaire. Selon les m\u00e9dias le colonel aurait \u00e9t\u00e9 confi\u00e9 le devoir de faire taire le journaliste sur l\u2019affaire de m\u0153urs suppos\u00e9e.<\/p>\n<p style=\"text-align: justify;\">Autre t\u00e9moignage tr\u00e8s inqui\u00e9tant, celui de l\u2019inspecteur de police Papa Mambi Ke\u00efta, ex-chef de la section cybercriminalit\u00e9 de la brigade d&#8217;investigations judiciaires. Radi\u00e9 du service pour avoir ordonn\u00e9 l\u2019arrestation d\u2019un des hommes de main de Karim Ke\u00efta il s\u2019\u00e9tait refugi\u00e9 en Cote d\u2019Ivoire. Dans une interview accord\u00e9e au <em>Sphinx <\/em>depuis Abidjan<em> en 2019,<\/em> il aurait d\u00e9clar\u00e9 que &#8220;tous les indices prouvent que votre confr\u00e8re et coll\u00e8gue Birama Tour\u00e9 ne vit plus.&#8221;<\/p>\n<p style=\"text-align: justify;\">Aujourd\u2019hui avec la chute du r\u00e9gime de l\u2019ancien Pr\u00e9sident Ibrahim Boubacar Keita, la justice malienne a d\u00e9cid\u00e9 d\u2019\u00e9mettre un mandat d\u2019arr\u00eat international contre le fils du Pr\u00e9sident d\u00e9chu.<\/p>\n<p style=\"text-align: justify;\">La MFWA d\u00e9plore que le Mali reste un pays dangereux pour l\u2019exercice du journalisme. Deux journalistes de RFI, Ghislaine Dupont et Claude Verlon y ont \u00e9t\u00e9 assassin\u00e9s en 2013. Le journaliste fran\u00e7ais Olivier Dubois y est otage d\u2019un groupe arm\u00e9 depuis le 8 avril dernier.<\/p>\n<p style=\"text-align: justify;\">Nous esp\u00e8rons que la justice malienne va enfin oeuvrer \u00e0 la manifestation de la v\u00e9rit\u00e9 dans cette triste affaire.<\/p>\n","protected":false},"excerpt":{"rendered":"<p>La Fondation des Medias pour l\u2019Afrique de l\u2019Ouest (MFWA) a appris avec satisfaction le lancement par Interpol d&#8217;un<\/p>\n","protected":false},"author":6,"featured_media":23131,"comment_status":"closed","ping_status":"closed","sticky":false,"template":"","format":"standard","meta":{"footnotes":""},"categories":[311],"tags":[],"country":[247],"staff-position":[],"opportunity-category":[],"ppma_author":[515],"class_list":["post-23130","post","type-post","status-publish","format-standard","has-post-thumbnail","hentry","category-securite-des-journalistes","country-mali-fr"],"authors":[{"term_id":515,"user_id":6,"is_guest":0,"slug":"kwaku","display_name":"Kwaku Asante","avatar_url":"https:\/\/secure.gravatar.com\/avatar\/f4b2f4008b9a29d4584bcac804b285ce2bebcee8b616a60be83b4a9ded8963b7?s=96&d=mm&r=g","0":null,"1":"","2":"","3":"","4":"","5":"","6":"","7":"","8":""}],"_links":{"self":[{"href":"https:\/\/demo.mfwa.org\/fr\/wp-json\/wp\/v2\/posts\/23130","targetHints":{"allow":["GET"]}}],"collection":[{"href":"https:\/\/demo.mfwa.org\/fr\/wp-json\/wp\/v2\/posts"}],"about":[{"href":"https:\/\/demo.mfwa.org\/fr\/wp-json\/wp\/v2\/types\/post"}],"author":[{"embeddable":true,"href":"https:\/\/demo.mfwa.org\/fr\/wp-json\/wp\/v2\/users\/6"}],"replies":[{"embeddable":true,"href":"https:\/\/demo.mfwa.org\/fr\/wp-json\/wp\/v2\/comments?post=23130"}],"version-history":[{"count":3,"href":"https:\/\/demo.mfwa.org\/fr\/wp-json\/wp\/v2\/posts\/23130\/revisions"}],"predecessor-version":[{"id":23135,"href":"https:\/\/demo.mfwa.org\/fr\/wp-json\/wp\/v2\/posts\/23130\/revisions\/23135"}],"wp:featuredmedia":[{"embeddable":true,"href":"https:\/\/demo.mfwa.org\/fr\/wp-json\/wp\/v2\/media\/23131"}],"wp:attachment":[{"href":"https:\/\/demo.mfwa.org\/fr\/wp-json\/wp\/v2\/media?parent=23130"}],"wp:term":[{"taxonomy":"category","embeddable":true,"href":"https:\/\/demo.mfwa.org\/fr\/wp-json\/wp\/v2\/categories?post=23130"},{"taxonomy":"post_tag","embeddable":true,"href":"https:\/\/demo.mfwa.org\/fr\/wp-json\/wp\/v2\/tags?post=23130"},{"taxonomy":"country","embeddable":true,"href":"https:\/\/demo.mfwa.org\/fr\/wp-json\/wp\/v2\/country?post=23130"},{"taxonomy":"staff-position","embeddable":true,"href":"https:\/\/demo.mfwa.org\/fr\/wp-json\/wp\/v2\/staff-position?post=23130"},{"taxonomy":"opportunity-category","embeddable":true,"href":"https:\/\/demo.mfwa.org\/fr\/wp-json\/wp\/v2\/opportunity-category?post=23130"},{"taxonomy":"author","embeddable":true,"href":"https:\/\/demo.mfwa.org\/fr\/wp-json\/wp\/v2\/ppma_author?post=23130"}],"curies":[{"name":"wp","href":"https:\/\/api.w.org\/{rel}","templated":true}]}}