{"id":24472,"date":"2022-01-25T23:08:42","date_gmt":"2022-01-25T23:08:42","guid":{"rendered":"https:\/\/www.mfwa.org\/?p=24472"},"modified":"2022-06-03T11:55:14","modified_gmt":"2022-06-03T11:55:14","slug":"la-mfwa-est-extremement-preoccupee-par-la-serie-de-violations-au-burkina-faso-et-demande-instamment-a-la-junte-militaire-de-preserver-la-liberte-dexpression","status":"publish","type":"post","link":"https:\/\/demo.mfwa.org\/fr\/la-mfwa-est-extremement-preoccupee-par-la-serie-de-violations-au-burkina-faso-et-demande-instamment-a-la-junte-militaire-de-preserver-la-liberte-dexpression\/","title":{"rendered":"La MFWA est extr\u00eamement pr\u00e9occup\u00e9e par la s\u00e9rie de violations au Burkina Faso et demande instamment \u00e0 la junte militaire de pr\u00e9server la libert\u00e9 d\u2019expression"},"content":{"rendered":"<p style=\"text-align: justify;\">La Fondation des M\u00e9dias pour l\u2019Afrique de l\u2019Ouest (MFWA) a not\u00e9 avec une grande inqui\u00e9tude un certain nombre de violations de la libert\u00e9 d\u2019expression au Burkina Faso au cours des \u00e9v\u00e9nements qui ont abouti au coup d\u2019Etat militaire du 24 janvier 2022 dans cette nation troubl\u00e9e. La MFWA appelle les nouvelles autorit\u00e9s militaires \u00e0 faire respecter toutes les libert\u00e9s fondamentales, y compris le droit \u00e0 l\u2019information.<\/p>\n<p style=\"text-align: justify;\">Les militaires ont pris le pouvoir au Burkina Faso apr\u00e8s un week-end de mutinerie des soldats m\u00e9contents, soutenus par les masses qui ont organis\u00e9 des manifestations contre l\u2019\u00e9chec per\u00e7u du gouvernement du pr\u00e9sident Marc Roch Kabore dans la gestion des attaques terroristes qui ont tu\u00e9 des milliers de personnes dans ce pays du Sahel.<\/p>\n<p style=\"text-align: justify;\">Lisant un communiqu\u00e9 sign\u00e9 par le lieutenant-colonel Paul-Henri Sandaogo Damiba, pr\u00e9sident de la nouvelle junte (Mouvement patriotique pour la sauvegarde et la restauration &#8211; MPSR), le capitaine Kader Ouedraogo, un officier subalterne, a annonc\u00e9 \u00e0 la t\u00e9l\u00e9vision nationale que la Constitution \u00e9tait suspendue, l\u2019Assembl\u00e9e nationale dissoute et les fronti\u00e8res du pays ferm\u00e9es. Un couvre-feu nocturne a \u00e9galement \u00e9t\u00e9 impos\u00e9.<\/p>\n<p style=\"text-align: justify;\">Le 22 janvier 2022, le premier jour des manifestations de deux jours, Ibrahim Compaor\u00e9, journaliste de <em>La Cha\u00eene au Coeur de l\u2019Afrique (LCA)<\/em> qui filmait les manifestations, a \u00e9t\u00e9 touch\u00e9 au bras gauche par un projectile de gaz lacrymog\u00e8ne lanc\u00e9 par les forces de s\u00e9curit\u00e9. Le journaliste a pu recevoir des soins apr\u00e8s avoir souffert de fracture au bras \u00e0 cause du choc de l\u2019impact.<\/p>\n<p style=\"text-align: justify;\">Le 23 janvier 2022, un jour avant le coup d\u2019\u00c9tat, l\u2019acc\u00e8s \u00e0 l\u2019Internet mobile a \u00e9t\u00e9 coup\u00e9 pendant 35 heures dans le cadre d\u2019une op\u00e9ration muscl\u00e9e de maintien de l\u2019ordre contre les manifestations antigouvernementales. Les autorit\u00e9s avaient interdit les manifestations et la police a fait respecter cette interdiction en utilisant des gaz lacrymog\u00e8nes pour disperser les manifestants, arr\u00eatant plus de 30 personnes.<\/p>\n<p style=\"text-align: justify;\">Le m\u00eame jour, le journaliste ind\u00e9pendant Henry Wilkins et Sam Mednick, journaliste de l\u2019<em>Associated press,<\/em> ont \u00e9t\u00e9 menac\u00e9s et d\u00e9tenus par des soldats du camp militaire de Sangoule Lamizana \u00e0 Ouagadougou. Les soldats ont braqu\u00e9 leurs armes \u00e0 feu en direction des journalistes pour les effrayer. Ils ont ensuite saisi le mat\u00e9riel de travail des journalistes qui ont \u00e9t\u00e9 d\u00e9tenus bri\u00e8vement dans le camp militaire. Les journalistes se sont vu remettre leur mat\u00e9riel de travail apr\u00e8s qu\u2019ils ont \u00e9t\u00e9 rel\u00e2ch\u00e9s.<\/p>\n<p style=\"text-align: justify;\">Netblocks, une organisation priv\u00e9e qui surveille les violations des droits num\u00e9riques, les questions relatives \u00e0 la cybers\u00e9curit\u00e9 et la gouvernance de l\u2019internet dans le monde, a signal\u00e9 l\u2019interruption de l\u2019internet sur Twitter.<\/p>\n<p style=\"text-align: justify;\">\u00a0\u201cLes incidents survenus depuis dimanche matin ont \u00e9t\u00e9 masqu\u00e9s par l\u2019imposition d\u2019une coupure d\u2019Internet \u00e0 l\u2019\u00e9chelle nationale\u201d, a-t-il ajout\u00e9.<\/p>\n<p style=\"text-align: justify;\">Sawadogo Delwende, journaliste de L\u2019Economiste du Faso, et Noufou Kindo, r\u00e9dacteur en chef de Burkina24 ont exprim\u00e9 leur indignation face \u00e0 la suspension de l\u2019internet mobile, la d\u00e9crivant comme une action r\u00e9trograde et une violation du droit \u00e0 l\u2019information.<\/p>\n<p style=\"text-align: justify;\">\u201cLes \u00e9v\u00e9nements du week-end dernier et le coup d\u2019\u00c9tat de lundi ont \u00e9t\u00e9 des incidents importants qui ont suscit\u00e9 l\u2019inqui\u00e9tude du public. Le besoin d\u2019information et le travail des journalistes deviennent particuli\u00e8rement critiques en de telles circonstances. C\u2019est donc une violation flagrante de la libert\u00e9 de la presse et des droits des citoyens \u00e0 l\u2019information que de perturber l\u2019Internet \u00e0 ces moments-l\u00e0. La pression est trop forte\u201d, a d\u00e9clar\u00e9 Noufou Kindo lors d\u2019un entretien t\u00e9l\u00e9phonique avec la MFWA.<\/p>\n<p style=\"text-align: justify;\">Sawadogo Delwende, exprimant ses attentes vis-\u00e0-vis de la junte au pouvoir, a d\u00e9clar\u00e9 que \u201c la premi\u00e8re chose est que l\u2019internet ne devrait plus jamais \u00eatre coup\u00e9, ce devrait \u00eatre une libert\u00e9 absolue&#8230;. Et aussi que les journalistes soient prot\u00e9g\u00e9s.\u201d<\/p>\n<p style=\"text-align: justify;\">Les m\u00e9dias ont rapport\u00e9, quant \u00e0 eux, qu\u2019une militante politique, Korotoumou Ana\u00efs Drabo (Mouvement Sauvons le Burkina Faso), a \u00e9t\u00e9 arr\u00eat\u00e9e par la police samedi matin alors qu\u2019elle se rendait au Palais de Justice auquel le mouvement avait fait appel de l\u2019interdiction des manifestations par la mairie de Ouagadougou. Elle a \u00e9t\u00e9 lib\u00e9r\u00e9e plus tard dans la journ\u00e9e, apr\u00e8s avoir \u00e9t\u00e9 brutalis\u00e9e en d\u00e9tention au poste de police de Wemtenga, selon sa narration aux m\u00e9dias locaux.<\/p>\n<p style=\"text-align: justify;\">Les manifestants ont \u00e9galement perp\u00e9tr\u00e9 leur part d\u2019anarchie violente. Le si\u00e8ge de campagne du Mouvement du Peuple pour le Progr\u00e8s (MPP), situ\u00e9 dans le quartier de Nonsin \u00e0 Ouagadougou, a \u00e9t\u00e9 vandalis\u00e9 et incendi\u00e9 le 23 janvier 2022. Les manifestants ont \u00e9galement mis le feu \u00e0 des pneus dans certaines rues de la capitale et d\u2019autres grandes villes et ont lanc\u00e9 des pierres en repr\u00e9sailles aux brutalit\u00e9s polici\u00e8res.<\/p>\n<p style=\"text-align: justify;\">Le coup d\u2019\u00c9tat au Burkina Faso confirme la crainte croissante d\u2019un recul d\u00e9mocratique en Afrique de l\u2019Ouest, apr\u00e8s des prises de pouvoir militaires similaires au Mali et en Guin\u00e9e. La r\u00e9gion, autrefois pr\u00e9sent\u00e9e comme le bastion de la d\u00e9mocratie en Afrique, a \u00e9t\u00e9 secou\u00e9e par des bouleversements politiques, notamment dans les pays du Sahel et dans le nord du Nigeria. L\u2019autocratie constitutionnelle est en hausse avec la violation des deux termes de mandats pr\u00e9sidentiels traditionnels en Guin\u00e9e, en C\u00f4te d\u2019Ivoire et au Togo.<\/p>\n<p style=\"text-align: justify;\">La MFWA condamne fermement les violations brutales des droits des citoyens \u00e0 manifester, et \u00e0 acc\u00e9der \u00e0 l\u2019information au Burkina Faso. Nous saluons la lib\u00e9ration de certaines des personnes arr\u00eat\u00e9es pendant les troubles et appelons les autorit\u00e9s militaires \u00e0 enqu\u00eater sur les attaques violentes contre les manifestants ainsi que sur les exc\u00e8s des \u00e9meutiers afin de r\u00e9parer tous les torts.<\/p>\n<p style=\"text-align: justify;\">La MFWA exhorte \u00e9galement la CEDEAO, l\u2019Union africaine et les Nations unies \u00e0 collaborer avec le r\u00e9gime militaire et la soci\u00e9t\u00e9 civile du Burkina Faso pour r\u00e9tablir l\u2019ordre constitutionnel dans les meilleurs d\u00e9lais.<\/p>\n","protected":false},"excerpt":{"rendered":"<p>La Fondation des M\u00e9dias pour l\u2019Afrique de l\u2019Ouest (MFWA) a not\u00e9 avec une grande inqui\u00e9tude un certain nombre<\/p>\n","protected":false},"author":6,"featured_media":24465,"comment_status":"closed","ping_status":"closed","sticky":false,"template":"","format":"standard","meta":{"footnotes":""},"categories":[254],"tags":[],"country":[239],"staff-position":[],"opportunity-category":[],"ppma_author":[515],"class_list":["post-24472","post","type-post","status-publish","format-standard","has-post-thumbnail","hentry","category-free-expression-violations-fr","country-burkina-faso-fr"],"authors":[{"term_id":515,"user_id":6,"is_guest":0,"slug":"kwaku","display_name":"Kwaku Asante","avatar_url":"https:\/\/secure.gravatar.com\/avatar\/f4b2f4008b9a29d4584bcac804b285ce2bebcee8b616a60be83b4a9ded8963b7?s=96&d=mm&r=g","0":null,"1":"","2":"","3":"","4":"","5":"","6":"","7":"","8":""}],"_links":{"self":[{"href":"https:\/\/demo.mfwa.org\/fr\/wp-json\/wp\/v2\/posts\/24472","targetHints":{"allow":["GET"]}}],"collection":[{"href":"https:\/\/demo.mfwa.org\/fr\/wp-json\/wp\/v2\/posts"}],"about":[{"href":"https:\/\/demo.mfwa.org\/fr\/wp-json\/wp\/v2\/types\/post"}],"author":[{"embeddable":true,"href":"https:\/\/demo.mfwa.org\/fr\/wp-json\/wp\/v2\/users\/6"}],"replies":[{"embeddable":true,"href":"https:\/\/demo.mfwa.org\/fr\/wp-json\/wp\/v2\/comments?post=24472"}],"version-history":[{"count":2,"href":"https:\/\/demo.mfwa.org\/fr\/wp-json\/wp\/v2\/posts\/24472\/revisions"}],"predecessor-version":[{"id":25338,"href":"https:\/\/demo.mfwa.org\/fr\/wp-json\/wp\/v2\/posts\/24472\/revisions\/25338"}],"wp:featuredmedia":[{"embeddable":true,"href":"https:\/\/demo.mfwa.org\/fr\/wp-json\/wp\/v2\/media\/24465"}],"wp:attachment":[{"href":"https:\/\/demo.mfwa.org\/fr\/wp-json\/wp\/v2\/media?parent=24472"}],"wp:term":[{"taxonomy":"category","embeddable":true,"href":"https:\/\/demo.mfwa.org\/fr\/wp-json\/wp\/v2\/categories?post=24472"},{"taxonomy":"post_tag","embeddable":true,"href":"https:\/\/demo.mfwa.org\/fr\/wp-json\/wp\/v2\/tags?post=24472"},{"taxonomy":"country","embeddable":true,"href":"https:\/\/demo.mfwa.org\/fr\/wp-json\/wp\/v2\/country?post=24472"},{"taxonomy":"staff-position","embeddable":true,"href":"https:\/\/demo.mfwa.org\/fr\/wp-json\/wp\/v2\/staff-position?post=24472"},{"taxonomy":"opportunity-category","embeddable":true,"href":"https:\/\/demo.mfwa.org\/fr\/wp-json\/wp\/v2\/opportunity-category?post=24472"},{"taxonomy":"author","embeddable":true,"href":"https:\/\/demo.mfwa.org\/fr\/wp-json\/wp\/v2\/ppma_author?post=24472"}],"curies":[{"name":"wp","href":"https:\/\/api.w.org\/{rel}","templated":true}]}}