{"id":2966,"date":"2015-10-16T13:37:43","date_gmt":"2015-10-16T13:37:43","guid":{"rendered":"http:\/\/mfwa.africafex.org\/?p=2966"},"modified":"2015-11-16T13:43:25","modified_gmt":"2015-11-16T13:43:25","slug":"cote-divoire-le-journal-linter-suspendu-pour-trois-parutions","status":"publish","type":"post","link":"https:\/\/demo.mfwa.org\/fr\/cote-divoire-le-journal-linter-suspendu-pour-trois-parutions\/","title":{"rendered":"Cote d\u2019Ivoire : Le Journal l\u2019Inter Suspendu Pour Trois Parutions"},"content":{"rendered":"<p style=\"text-align: justify;\">Le Conseil national de la presse (CNP) a suspendu pour trois parutions, le quotidien ind\u00e9pendant L&#8217;Inter.\u00a0La d\u00e9cision du CNP a \u00e9t\u00e9 rendue publique le 9 octobre.<\/p>\n<p style=\"text-align: justify;\">L\u2019organe de r\u00e9gulation a par ailleurs d\u00e9cid\u00e9 d&#8217;un mois de suspension du journaliste Cyrille Djedjed. Durant cette p\u00e9riode, il se voit retirer sa carte d\u2019identit\u00e9 de journaliste professionnel et de professionnel de la communication.<\/p>\n<p style=\"text-align: justify;\">Le journal et le journaliste sont sanctionn\u00e9s pour un article publi\u00e9 le 29 septembre, intitul\u00e9 \u00ab Les B\u00e9t\u00e9 ne sont pas sortis \u00bb.<\/p>\n<p style=\"text-align: justify;\">Dans son texte, Cyrille Djedjed affirme que la population autochtone B\u00e9t\u00e9 a boud\u00e9 la visite d\u2019Etat du pr\u00e9sident Alassane Ouattara \u00e0 Gagnoa dans la r\u00e9gion du G\u00f4h d\u2019o\u00f9 sont originaires Laurent Gbagbo et Charles Bl\u00e9 Goud\u00e9, tous les deux jug\u00e9s \u00e0 la Cour p\u00e9nale internationale.<\/p>\n<p style=\"text-align: justify;\">Selon l\u2019article, les B\u00e9t\u00e9s ont dit \u00abNous ne sommes pas concern\u00e9s par ce meeting, car ce sont des B\u00e9t\u00e9 qui sont en prison \u00e0 La Haye \u00bb<\/p>\n<p style=\"text-align: justify;\">Pour le CNP, l\u2019article \u00ab rel\u00e8ve de la manipulation de l\u2019information, de la tromperie du lecteur \u00bb et le journaliste est soup\u00e7onn\u00e9 de poursuivre \u00ab un but inavou\u00e9 \u00bb. \u00a0Cyrille Djedjed n\u2019apporte aucune\u00ab preuve scientifique \u00bb qu\u2019il n\u2019y avait aucun B\u00e9t\u00e9 au meeting tenu par Alassane Ouattara.<\/p>\n<p style=\"text-align: justify;\">Aussi, l\u2019article peut-il s\u2019av\u00e9rer \u00ab dangereux pour la coh\u00e9sion sociale en cette p\u00e9riode sensible, notamment l\u2019\u00e9lection pr\u00e9sidentielle du 25 octobre \u00bb Au regard de ces constats et de bien d\u2019autres, le r\u00e9gulateur a conclu qu\u2019il y a eu violation du Code de d\u00e9ontologie des journalistes.<\/p>\n<p style=\"text-align: justify;\">\n","protected":false},"excerpt":{"rendered":"<p>Le Conseil national de la presse (CNP) a suspendu pour trois parutions, le quotidien ind\u00e9pendant L&#8217;Inter.\u00a0La d\u00e9cision du<\/p>\n","protected":false},"author":2,"featured_media":2332,"comment_status":"closed","ping_status":"closed","sticky":false,"template":"","format":"standard","meta":{"footnotes":""},"categories":[254],"tags":[],"country":[241],"staff-position":[],"opportunity-category":[],"ppma_author":[513],"class_list":["post-2966","post","type-post","status-publish","format-standard","has-post-thumbnail","hentry","category-free-expression-violations-fr","country-cote-divoire-fr"],"authors":[{"term_id":513,"user_id":2,"is_guest":0,"slug":"vivian","display_name":"Vivian Affoah","avatar_url":"https:\/\/secure.gravatar.com\/avatar\/ddf6c5c2ef2f35c978196ce314f9b81dba2ec548b12806a3acbe02e2360d7e63?s=96&d=mm&r=g","0":null,"1":"","2":"","3":"","4":"","5":"","6":"","7":"","8":""}],"_links":{"self":[{"href":"https:\/\/demo.mfwa.org\/fr\/wp-json\/wp\/v2\/posts\/2966","targetHints":{"allow":["GET"]}}],"collection":[{"href":"https:\/\/demo.mfwa.org\/fr\/wp-json\/wp\/v2\/posts"}],"about":[{"href":"https:\/\/demo.mfwa.org\/fr\/wp-json\/wp\/v2\/types\/post"}],"author":[{"embeddable":true,"href":"https:\/\/demo.mfwa.org\/fr\/wp-json\/wp\/v2\/users\/2"}],"replies":[{"embeddable":true,"href":"https:\/\/demo.mfwa.org\/fr\/wp-json\/wp\/v2\/comments?post=2966"}],"version-history":[{"count":0,"href":"https:\/\/demo.mfwa.org\/fr\/wp-json\/wp\/v2\/posts\/2966\/revisions"}],"wp:featuredmedia":[{"embeddable":true,"href":"https:\/\/demo.mfwa.org\/fr\/wp-json\/wp\/v2\/media\/2332"}],"wp:attachment":[{"href":"https:\/\/demo.mfwa.org\/fr\/wp-json\/wp\/v2\/media?parent=2966"}],"wp:term":[{"taxonomy":"category","embeddable":true,"href":"https:\/\/demo.mfwa.org\/fr\/wp-json\/wp\/v2\/categories?post=2966"},{"taxonomy":"post_tag","embeddable":true,"href":"https:\/\/demo.mfwa.org\/fr\/wp-json\/wp\/v2\/tags?post=2966"},{"taxonomy":"country","embeddable":true,"href":"https:\/\/demo.mfwa.org\/fr\/wp-json\/wp\/v2\/country?post=2966"},{"taxonomy":"staff-position","embeddable":true,"href":"https:\/\/demo.mfwa.org\/fr\/wp-json\/wp\/v2\/staff-position?post=2966"},{"taxonomy":"opportunity-category","embeddable":true,"href":"https:\/\/demo.mfwa.org\/fr\/wp-json\/wp\/v2\/opportunity-category?post=2966"},{"taxonomy":"author","embeddable":true,"href":"https:\/\/demo.mfwa.org\/fr\/wp-json\/wp\/v2\/ppma_author?post=2966"}],"curies":[{"name":"wp","href":"https:\/\/api.w.org\/{rel}","templated":true}]}}