{"id":3033,"date":"2015-08-04T17:32:47","date_gmt":"2015-08-04T17:32:47","guid":{"rendered":"http:\/\/mfwa.africafex.org\/?p=3033"},"modified":"2015-11-17T14:12:13","modified_gmt":"2015-11-17T14:12:13","slug":"guinee-un-reporter-est-menotte-et-bastonne-par-des-policiers","status":"publish","type":"post","link":"https:\/\/demo.mfwa.org\/fr\/guinee-un-reporter-est-menotte-et-bastonne-par-des-policiers\/","title":{"rendered":"Guin\u00e9e: Un reporter est menott\u00e9 et bastonn\u00e9 par des policiers"},"content":{"rendered":"<p style=\"text-align: justify;\">Le 31 juillet 2015, la police anti-\u00e9meute guin\u00e9enne a bastonn\u00e9 Thierno Amadou Camara, le directeur de publication du site <em>guineematin<\/em>.<\/p>\n<p style=\"text-align: justify;\">Cet incident a eu lieu quand Camara s\u2019est rendu au congr\u00e8s du Parti de l\u2019Unit\u00e9 et du Progr\u00e8s \u2013 PUP, un parti d\u2019opposition.<\/p>\n<p style=\"text-align: justify;\">Le correspondant de la MFWA en Guin\u00e9e a rapport\u00e9 qu\u2019au moment o\u00f9 Camara travaillait sur son ordinateur, un \u00e9l\u00e9ment de la police anti-\u00e9meute lui a demand\u00e9 de \u201cfoutre le camp\u201d.<\/p>\n<p style=\"text-align: justify;\">\u201cJe travaillais tranquillement lorsqu\u2019un policier est venu me demander de quitter\u201d, a confi\u00e9 Camara \u00e0 notre correspondant. \u201cJe me suis identifi\u00e9, mais il a aussit\u00f4t d\u00e9branch\u00e9 mon ordinateur. Il s\u2019est ensuite jet\u00e9 sur moi. Ses coll\u00e8gues sont venus et ils m\u2019ont menott\u00e9. Ils m\u2019ont embarqu\u00e9\u201d.<\/p>\n<p style=\"text-align: justify;\">Camara a confi\u00e9 \u00e0 notre correspondant que des responsables du PUP qui sont venus \u00e0 sa rescousse n\u2019ont pas pu l\u2019aider. Les policiers l\u2019ont embarqu\u00e9 dans une fourgonnette de police et ont continu\u00e9 \u00e0 lui donner des coups de pied et \u00e0 l\u2019injurier.<\/p>\n<p style=\"text-align: justify;\">Boubacar Yacine Diallo, le Pr\u00e9sident de l\u2019Union des \u00e9diteurs de la presse ind\u00e9pendante, a d\u00fb intervenir pour assurer la lib\u00e9ration de Camara plus tard dans la soir\u00e9e.<\/p>\n<p style=\"text-align: justify;\">La MFWA s\u2019est constamment inqui\u00e9t\u00e9e de l\u2019abus des journalistes par la police et les forces de s\u00e9curit\u00e9 guin\u00e9ennes\u00a0 au cours de ces derniers mois. En mars 2015, la MFWA a adress\u00e9 une p\u00e9tition au commandant de la Gendarmerie au sujet de la mont\u00e9e de l\u2019impunit\u00e9 et des violations perp\u00e9tr\u00e9es contre les journalistes et les m\u00e9dias. Nous renouvelons notre appel aux chefs des agences de s\u00e9curit\u00e9 en Guin\u00e9e pour qu\u2019ils punissent les \u00e9l\u00e9ments qui malm\u00e8nent les journalistes et les m\u00e9dias. Nous les exhortons \u00e9galement \u00e0 sensibiliser leurs \u00e9l\u00e9ments au r\u00f4le important que jouent les journalistes et les m\u00e9dias dans la construction de la paix et la d\u00e9mocratie.<\/p>\n<p style=\"text-align: justify;\">\n","protected":false},"excerpt":{"rendered":"<p>Le 31 juillet 2015, la police anti-\u00e9meute guin\u00e9enne a bastonn\u00e9 Thierno Amadou Camara, le directeur de publication du<\/p>\n","protected":false},"author":2,"featured_media":3034,"comment_status":"closed","ping_status":"closed","sticky":false,"template":"","format":"standard","meta":{"footnotes":""},"categories":[254],"tags":[],"country":[244],"staff-position":[],"opportunity-category":[],"ppma_author":[513],"class_list":["post-3033","post","type-post","status-publish","format-standard","has-post-thumbnail","hentry","category-free-expression-violations-fr","country-guinee"],"authors":[{"term_id":513,"user_id":2,"is_guest":0,"slug":"vivian","display_name":"Vivian Affoah","avatar_url":"https:\/\/secure.gravatar.com\/avatar\/ddf6c5c2ef2f35c978196ce314f9b81dba2ec548b12806a3acbe02e2360d7e63?s=96&d=mm&r=g","0":null,"1":"","2":"","3":"","4":"","5":"","6":"","7":"","8":""}],"_links":{"self":[{"href":"https:\/\/demo.mfwa.org\/fr\/wp-json\/wp\/v2\/posts\/3033","targetHints":{"allow":["GET"]}}],"collection":[{"href":"https:\/\/demo.mfwa.org\/fr\/wp-json\/wp\/v2\/posts"}],"about":[{"href":"https:\/\/demo.mfwa.org\/fr\/wp-json\/wp\/v2\/types\/post"}],"author":[{"embeddable":true,"href":"https:\/\/demo.mfwa.org\/fr\/wp-json\/wp\/v2\/users\/2"}],"replies":[{"embeddable":true,"href":"https:\/\/demo.mfwa.org\/fr\/wp-json\/wp\/v2\/comments?post=3033"}],"version-history":[{"count":0,"href":"https:\/\/demo.mfwa.org\/fr\/wp-json\/wp\/v2\/posts\/3033\/revisions"}],"wp:featuredmedia":[{"embeddable":true,"href":"https:\/\/demo.mfwa.org\/fr\/wp-json\/wp\/v2\/media\/3034"}],"wp:attachment":[{"href":"https:\/\/demo.mfwa.org\/fr\/wp-json\/wp\/v2\/media?parent=3033"}],"wp:term":[{"taxonomy":"category","embeddable":true,"href":"https:\/\/demo.mfwa.org\/fr\/wp-json\/wp\/v2\/categories?post=3033"},{"taxonomy":"post_tag","embeddable":true,"href":"https:\/\/demo.mfwa.org\/fr\/wp-json\/wp\/v2\/tags?post=3033"},{"taxonomy":"country","embeddable":true,"href":"https:\/\/demo.mfwa.org\/fr\/wp-json\/wp\/v2\/country?post=3033"},{"taxonomy":"staff-position","embeddable":true,"href":"https:\/\/demo.mfwa.org\/fr\/wp-json\/wp\/v2\/staff-position?post=3033"},{"taxonomy":"opportunity-category","embeddable":true,"href":"https:\/\/demo.mfwa.org\/fr\/wp-json\/wp\/v2\/opportunity-category?post=3033"},{"taxonomy":"author","embeddable":true,"href":"https:\/\/demo.mfwa.org\/fr\/wp-json\/wp\/v2\/ppma_author?post=3033"}],"curies":[{"name":"wp","href":"https:\/\/api.w.org\/{rel}","templated":true}]}}