{"id":4461,"date":"2005-10-22T11:20:08","date_gmt":"2005-10-22T11:20:08","guid":{"rendered":"http:\/\/www.mfwa.org\/?p=4461"},"modified":"2015-12-26T11:22:05","modified_gmt":"2015-12-26T11:22:05","slug":"alerte-gambie-fermeture-dune-station-de-radio","status":"publish","type":"post","link":"https:\/\/demo.mfwa.org\/fr\/alerte-gambie-fermeture-dune-station-de-radio\/","title":{"rendered":"Alerte Gambie : Fermeture d\u2019une station de radio"},"content":{"rendered":"<p style=\"text-align: justify;\">Le 22 octobre 2005, les autorit\u00e9s de la Gambie ont ordonn\u00e9 la fermeture de \u00ab\u00a0Sud FM\u00a0 Banjul Radio\u00bb, une filiale du Groupe de Presse S\u00e9n\u00e9galais, Sud Communications.<\/p>\n<p style=\"text-align: justify;\">M\u00eame si cette fermeture n\u2019a pas \u00e9t\u00e9 motiv\u00e9e, elle est intervenue \u00e0 peine 48 heures apr\u00e8s le retour de Yahya Jammeh, Pr\u00e9sident de la Gambie, de Dakar, la capitale S\u00e9n\u00e9galaise, o\u00f9 <em>Sud FM Dakar<\/em>, un autre filiale du Groupe Sud Communications, avait \u00e9t\u00e9 ferm\u00e9e durant une journ\u00e9e par les autorit\u00e9s S\u00e9n\u00e9galaises.<\/p>\n<p style=\"text-align: justify;\">Selon les sources de MFWA (la Fondation pour les M\u00e9dias en Afrique de l\u2019Ouest) \u2013 Gambie, le 22 octobre aux environs de 15 heures GMT, cinq agents de police se sont rendus \u00e0 la station situ\u00e9e dans la ville de Banjul et ont donn\u00e9 l\u2019ordre \u00e0 Pape Diomaye Thiare, Directeur de la radio, de cesser d\u2019\u00e9mettre.<\/p>\n<p style=\"text-align: justify;\">Quand Thiare a voulu savoir qui a donn\u00e9 l\u2019ordre de fermeture ainsi que les raisons, les agents ont r\u00e9pondu que \u00ab\u00a0l\u2019ordre est venu d\u2019en haut\u00a0\u00bb, tout en refusant de r\u00e9v\u00e9ler le nom de celui qui leur avait donn\u00e9 cette instruction.<\/p>\n<p style=\"text-align: justify;\">Le 17 octobre 2005, \u00ab\u00a0Sud FM\u00a0\u00bb, une station radiophonique ind\u00e9pendante \u00e0 Dakar, S\u00e9n\u00e9gal, avait \u00e9t\u00e9 ferm\u00e9e par le ministre de l\u2019Int\u00e9rieur du gouvernement S\u00e9n\u00e9galais, Ousmane Ngom, pour avoir, selon lui, fait une interpr\u00e9tation tendancieuse d\u2019une interview accord\u00e9e par Salif Sadio, Chef d\u2019Etat major du Mouvement des forces d\u00e9mocratiques de la Casamance (MFDC), le mouvement rebelle s\u00e9paratiste.\u00a0 La station a, toutefois, repris ses \u00e9missions le lendemain.<\/p>\n<p style=\"text-align: justify;\">La Fondation pour les M\u00e9dias en Afrique de l\u2019Ouest (MFWA), est fort pr\u00e9occup\u00e9e par la fermeture injustifi\u00e9e de \u00ab\u00a0Sud FM\u00a0Banjul Radio\u00bb et consid\u00e8re cette action comme une atteinte \u00e0 la libert\u00e9 de la presse et \u00e0 la libre expression.<\/p>\n<p style=\"text-align: justify;\">La MFWA en appelle par cons\u00e9quent au Pr\u00e9sident Yahya Jammeh pour qu\u2019il respecte la libert\u00e9 d\u2019expression et proc\u00e8de imm\u00e9diatement \u00e0 la r\u00e9ouverture de la station.<\/p>\n","protected":false},"excerpt":{"rendered":"<p>Le 22 octobre 2005, les autorit\u00e9s de la Gambie ont ordonn\u00e9 la fermeture de \u00ab\u00a0Sud FM\u00a0 Banjul Radio\u00bb,<\/p>\n","protected":false},"author":2,"featured_media":0,"comment_status":"closed","ping_status":"closed","sticky":false,"template":"","format":"standard","meta":{"footnotes":""},"categories":[254],"tags":[],"country":[242],"staff-position":[],"opportunity-category":[],"ppma_author":[513],"class_list":["post-4461","post","type-post","status-publish","format-standard","hentry","category-free-expression-violations-fr","country-gambie"],"authors":[{"term_id":513,"user_id":2,"is_guest":0,"slug":"vivian","display_name":"Vivian Affoah","avatar_url":"https:\/\/secure.gravatar.com\/avatar\/ddf6c5c2ef2f35c978196ce314f9b81dba2ec548b12806a3acbe02e2360d7e63?s=96&d=mm&r=g","0":null,"1":"","2":"","3":"","4":"","5":"","6":"","7":"","8":""}],"_links":{"self":[{"href":"https:\/\/demo.mfwa.org\/fr\/wp-json\/wp\/v2\/posts\/4461","targetHints":{"allow":["GET"]}}],"collection":[{"href":"https:\/\/demo.mfwa.org\/fr\/wp-json\/wp\/v2\/posts"}],"about":[{"href":"https:\/\/demo.mfwa.org\/fr\/wp-json\/wp\/v2\/types\/post"}],"author":[{"embeddable":true,"href":"https:\/\/demo.mfwa.org\/fr\/wp-json\/wp\/v2\/users\/2"}],"replies":[{"embeddable":true,"href":"https:\/\/demo.mfwa.org\/fr\/wp-json\/wp\/v2\/comments?post=4461"}],"version-history":[{"count":0,"href":"https:\/\/demo.mfwa.org\/fr\/wp-json\/wp\/v2\/posts\/4461\/revisions"}],"wp:attachment":[{"href":"https:\/\/demo.mfwa.org\/fr\/wp-json\/wp\/v2\/media?parent=4461"}],"wp:term":[{"taxonomy":"category","embeddable":true,"href":"https:\/\/demo.mfwa.org\/fr\/wp-json\/wp\/v2\/categories?post=4461"},{"taxonomy":"post_tag","embeddable":true,"href":"https:\/\/demo.mfwa.org\/fr\/wp-json\/wp\/v2\/tags?post=4461"},{"taxonomy":"country","embeddable":true,"href":"https:\/\/demo.mfwa.org\/fr\/wp-json\/wp\/v2\/country?post=4461"},{"taxonomy":"staff-position","embeddable":true,"href":"https:\/\/demo.mfwa.org\/fr\/wp-json\/wp\/v2\/staff-position?post=4461"},{"taxonomy":"opportunity-category","embeddable":true,"href":"https:\/\/demo.mfwa.org\/fr\/wp-json\/wp\/v2\/opportunity-category?post=4461"},{"taxonomy":"author","embeddable":true,"href":"https:\/\/demo.mfwa.org\/fr\/wp-json\/wp\/v2\/ppma_author?post=4461"}],"curies":[{"name":"wp","href":"https:\/\/api.w.org\/{rel}","templated":true}]}}