{"id":9127,"date":"2017-01-26T13:53:46","date_gmt":"2017-01-26T13:53:46","guid":{"rendered":"http:\/\/www.mfwa.org\/?p=9127"},"modified":"2017-02-03T10:42:51","modified_gmt":"2017-02-03T10:42:51","slug":"liberia-le-ministre-de-linformation-abuse-dune-reporter-lors-dune-ceremonie-officielle","status":"publish","type":"post","link":"https:\/\/demo.mfwa.org\/fr\/liberia-le-ministre-de-linformation-abuse-dune-reporter-lors-dune-ceremonie-officielle\/","title":{"rendered":"Liberia: Le Ministre de l\u2019Information Abuse d\u2019une Reporter lors d\u2019une C\u00e9r\u00e9monie Officielle"},"content":{"rendered":"<p style=\"text-align: justify;\">Le 23 Janvier 2017, le Ministre de l\u2019Information a agress\u00e9 une journaliste durant une conf\u00e9rence de presse dans la capitale Monrovia.<\/p>\n<p style=\"text-align: justify;\"><span lang=\"FR\">Les reportages soutiennent que le Ministre Eugene Nagbe s\u2019\u00e9tait enflamm\u00e9 lorsque Estelle Liberty Kemo de la T\u00e9l\u00e9vision Power TV a pos\u00e9 une question relative \u00e0 une r\u00e9cente dispute entre le Ministre et un membre du parlement des rangs de l\u2019opposition; Moses Kollie.<\/span><\/p>\n<p style=\"text-align: justify;\"><span lang=\"FR\">Il a \u00e9t\u00e9 report\u00e9 qu\u2019en guise de r\u00e9ponse, le Ministre Nagbe\u00a0a cri\u00e9 \u00e0 plusieurs reprises\u00a0\u00e0 la journaliste\u00a0: \u00abva poser la question\u00a0\u00e0 ton petit ami, le d\u00e9put\u00e9 Moses Kollie\u00bb.<\/span><\/p>\n<p style=\"text-align: justify;\"><span lang=\"FR\">L\u2019incident qui s\u2019est produit durant le Discours de la Pr\u00e9sidente \u00e0 la Nation au sein de\u00a0l\u2019immeuble du Capitol \u00e0 Monrovia, a\u00a0provoqu\u00e9\u00a0des protestations des groupes de m\u00e9dia et du public au Liberia.<\/span><\/p>\n<p style=\"text-align: justify;\"><span lang=\"FR\">Le 24 Janvier, le directeur de Power TV et \u00a0journaliste chevronn\u00e9, Aaron Kollie a d\u00e9pos\u00e9 une plainte \u00a0\u00e0 l\u2019appui d\u2019une vid\u00e9o de l\u2019incident\u00a0aupr\u00e8s de\u00a0\u00a0Liberian Press Union, un syndicat de la presse lib\u00e9rienne qui\u00a0s\u2019est saisi de\u00a0l\u2019affaire.<\/span><\/p>\n<p style=\"text-align: justify;\"><span lang=\"FR\">Aussi, le Secr\u00e9taire G\u00e9n\u00e9ral de l\u2019Association des Femmes Journalistes du Liberia (FeJAL), Antoinnette Sendolo a dit dans une d\u00e9claration:\u00abNous\u00a0d\u00e9non\u00e7ons\u00a0carr\u00e9ment\u00a0l\u2019attitude irresponsable et incontr\u00f4lable de M. Nagbe et demandons qu\u2019il pr\u00e9sente une excuse publique \u00e0 Madame Kemoh et \u00e0 l\u2019Association des Femmes Journalistes du Liberia, \u00e9tant donn\u00e9 que son commentaire a caus\u00e9 \u00e0 Madame Kemoh des d\u00e9sagr\u00e9ments conjugaux et professionnels et l\u2019a jet\u00e9e\u00a0en ridicule public\u00bb.<\/span><\/p>\n<p style=\"text-align: justify;\"><span lang=\"FR\">L\u2019Association des Reporters du Liberia de leur c\u00f4t\u00e9 soutiennent que l\u2019agression \u00e9tait:\u00a0\u00abinjustifi\u00e9e et provocatrice\u00bb. Dans un communiqu\u00e9 de presse, l\u2019Association a fait noter qu\u2019accuser:\u00a0\u00abla reporter Kemo qui est une femme mari\u00e9e, d\u2019entretenir une autre relation avec un homme comme son petit-ami sans preuve, \u00e9tait injustifi\u00e9\u00bb.<\/span><\/p>\n<p style=\"text-align: justify;\"><span lang=\"FR\">La MFWA trouve aussi que c\u2019est regrettable qu\u2019un Ministre d\u2019Etat puisse essayer d\u2019embarrasser une journaliste en public. C\u2019est offensif de la part du ministre de pr\u00e9tendre sans preuve que la journaliste de Power TV est la petite amie de son rival politicien. Le comportement de M. Nagbe rel\u00e8ve du chauvinisme, et est peu convenable d\u2019un Ministre d\u2019Etat. Nous appelons par cons\u00e9quent la Pr\u00e9sidente Ellen Johnson Sirleaf de se saisir de\u00a0l\u2019affaire pour qu\u2019une\u00a0enqu\u00eatesoit\u00a0men\u00e9e\u00a0et que le ministre soit sanctionn\u00e9 pour sa conduite qui donne une image n\u00e9gative de son gouvernement.<\/span><\/p>\n","protected":false},"excerpt":{"rendered":"<p>Le 23 Janvier 2017, le Ministre de l\u2019Information a agress\u00e9 une journaliste durant une conf\u00e9rence de presse dans<\/p>\n","protected":false},"author":2,"featured_media":9087,"comment_status":"closed","ping_status":"closed","sticky":false,"template":"","format":"standard","meta":{"footnotes":""},"categories":[1,254],"tags":[],"country":[246],"staff-position":[],"opportunity-category":[],"ppma_author":[513],"class_list":["post-9127","post","type-post","status-publish","format-standard","has-post-thumbnail","hentry","category-uncategorized","category-free-expression-violations-fr","country-liberia-fr"],"authors":[{"term_id":513,"user_id":2,"is_guest":0,"slug":"vivian","display_name":"Vivian Affoah","avatar_url":"https:\/\/secure.gravatar.com\/avatar\/ddf6c5c2ef2f35c978196ce314f9b81dba2ec548b12806a3acbe02e2360d7e63?s=96&d=mm&r=g","0":null,"1":"","2":"","3":"","4":"","5":"","6":"","7":"","8":""}],"_links":{"self":[{"href":"https:\/\/demo.mfwa.org\/fr\/wp-json\/wp\/v2\/posts\/9127","targetHints":{"allow":["GET"]}}],"collection":[{"href":"https:\/\/demo.mfwa.org\/fr\/wp-json\/wp\/v2\/posts"}],"about":[{"href":"https:\/\/demo.mfwa.org\/fr\/wp-json\/wp\/v2\/types\/post"}],"author":[{"embeddable":true,"href":"https:\/\/demo.mfwa.org\/fr\/wp-json\/wp\/v2\/users\/2"}],"replies":[{"embeddable":true,"href":"https:\/\/demo.mfwa.org\/fr\/wp-json\/wp\/v2\/comments?post=9127"}],"version-history":[{"count":0,"href":"https:\/\/demo.mfwa.org\/fr\/wp-json\/wp\/v2\/posts\/9127\/revisions"}],"wp:featuredmedia":[{"embeddable":true,"href":"https:\/\/demo.mfwa.org\/fr\/wp-json\/wp\/v2\/media\/9087"}],"wp:attachment":[{"href":"https:\/\/demo.mfwa.org\/fr\/wp-json\/wp\/v2\/media?parent=9127"}],"wp:term":[{"taxonomy":"category","embeddable":true,"href":"https:\/\/demo.mfwa.org\/fr\/wp-json\/wp\/v2\/categories?post=9127"},{"taxonomy":"post_tag","embeddable":true,"href":"https:\/\/demo.mfwa.org\/fr\/wp-json\/wp\/v2\/tags?post=9127"},{"taxonomy":"country","embeddable":true,"href":"https:\/\/demo.mfwa.org\/fr\/wp-json\/wp\/v2\/country?post=9127"},{"taxonomy":"staff-position","embeddable":true,"href":"https:\/\/demo.mfwa.org\/fr\/wp-json\/wp\/v2\/staff-position?post=9127"},{"taxonomy":"opportunity-category","embeddable":true,"href":"https:\/\/demo.mfwa.org\/fr\/wp-json\/wp\/v2\/opportunity-category?post=9127"},{"taxonomy":"author","embeddable":true,"href":"https:\/\/demo.mfwa.org\/fr\/wp-json\/wp\/v2\/ppma_author?post=9127"}],"curies":[{"name":"wp","href":"https:\/\/api.w.org\/{rel}","templated":true}]}}